{"id":28742,"date":"2025-09-14T12:09:04","date_gmt":"2025-09-14T15:09:04","guid":{"rendered":"https:\/\/partediario.com.ar\/?p=28742"},"modified":"2025-09-15T19:17:58","modified_gmt":"2025-09-15T22:17:58","slug":"sobre-cristina-kirchner-la-voy-a-ir-a-visitar-senalo-axel-kicillof","status":"publish","type":"post","link":"https:\/\/partediario.com.ar\/?p=28742","title":{"rendered":"Sobre Cristina Kirchner: \u00abLa voy a ir a visitar\u201c, se\u00f1al\u00f3 Axel Kicillof"},"content":{"rendered":"\n<h2 class=\"wp-block-heading\">El Gobernador bonaerense lanz\u00f3 una fuerte afirmaci\u00f3n sobre la situaci\u00f3n judicial de Cristina Kirchner, aseverando que la expresidenta est\u00e1 \u00abpresa por causas que yo creo que fueron absolutamente armadas\u00bb.<\/h2>\n\n\n\n<p>Esta declaraci\u00f3n se di\u00f3 en un marco particular de su relaci\u00f3n con la exmandataria, ya que Kicillof revel\u00f3 que a\u00fan no habl\u00f3 con ella luego el reciente triunfo en las elecciones legislativas de la provincia de Buenos Aires, aunque tiene previsto visitarla.<\/p>\n\n\n\n<p>El gobernador, que cuestion\u00f3 duramente la pol\u00edtica econ\u00f3mica del gobierno de Javier Milei, habl\u00f3 sobre su visi\u00f3n del peronismo y su propio rol en el espacio. Seg\u00fan se supo Kicillof enfatiz\u00f3 la necesidad de que el Gobierno nacional \u00abcambie\u00bb y \u00abgobierne para las mayor\u00edas\u00bb, al tiempo que se despeg\u00f3 de la idea de que su triunfo lo convierte en el nuevo conductor del peronismo, apostando por la unidad de todos los sectores.<\/p>\n\n\n\n<p>Kicillof, quien fue ministro de Econom\u00eda durante el gobierno de Cristina Kirchner, hizo referencia a la expresidenta con un tono de lealtad en lo judicial, pero con una distancia en lo personal post-elecciones.<\/p>\n\n\n\n<p>\u00abNo, todav\u00eda no, pero lo voy a hacer. La voy a ir a visitar\u00bb, dijo Kicillof sobre el di\u00e1logo con Cristina Kirchner tras el triunfo bonaerense. Admiti\u00f3 que ella \u00abmand\u00f3 un audio que se lo pedimos para que estuviera presente en el escenario y pudiera hablar ella\u00bb, lo que demuestra su influencia en momentos clave.<\/p>\n\n\n\n<p>Consultado sobre el futuro de la conducci\u00f3n del peronismo, Kicillof se mostr\u00f3 cauto, aunque con un claro posicionamiento. \u00abYo no estoy en una discusi\u00f3n, en una disputa, en una guerra ni en una interna por una cosa o tal otra o contra alguien. Hay un sector que efectivamente me ve a m\u00ed, hemos lanzado el MDF (Movimiento Derecho al Futuro), un sector, un espacio, pero lo que tenemos ahora de corto plazo es octubre\u00bb, asegur\u00f3.<\/p>\n\n\n\n<p>En la entrevista con Ignacio Miri, Mart\u00edn Bravo y Ezequiel Burgo de Clar\u00edn, Kicillof no escatim\u00f3 cr\u00edticas a la pol\u00edtica econ\u00f3mica del presidente Milei. \u00abMilei vende una falsa antinomia: no es todo Estado o todo mercado. Eso no existe en ning\u00fan lado del mundo\u00bb, apunt\u00f3.<\/p>\n\n\n\n<p>El gobernador bonaerense remarc\u00f3 que el Gobierno nacional debe modificar su rumbo econ\u00f3mico y que el propio Milei \u00ablo puede hacer\u00bb, a pesar de que \u00abvetando leyes que no le representan un agujero fiscal, como la de universidades, lo que hace es demostrar que no escucha nada\u00bb.<\/p>\n\n\n\n<p>Kicillof defendi\u00f3 el modelo de un Estado presente, contrastando con la visi\u00f3n del oficialismo. \u00abEn la provincia de Buenos Aires la salud p\u00fablica, la educaci\u00f3n p\u00fablica en el interior, pero adem\u00e1s en el conurbano, tienen un papel determinante\u00bb, precis\u00f3, explicando que la demanda en los hospitales p\u00fablicos aument\u00f3 un 30% desde la llegada de Milei, ante la crisis de la medicina privada.<\/p>\n\n\n\n<p>El gobernador bonaerense hizo referencia adem\u00e1s al endeudamiento con el FMI, calificando el pr\u00e9stamo de Macri de \u00abtragedia\u00bb e indicando que el Fondo deber\u00eda \u00absentarse en una mesa a hablar de esto sobre una deuda que a todas luces es impagable\u00bb.<\/p>\n","protected":false},"excerpt":{"rendered":"<p>El Gobernador bonaerense lanz&oacute; una fuerte afirmaci&oacute;n sobre la situaci&oacute;n judicial de Cristina Kirchner, aseverando que la expresidenta est&aacute; &laquo;presa por causas que yo creo que fueron absolutamente armadas&raquo;. Esta declaraci&oacute;n se di&oacute; en un marco particular de su relaci&oacute;n con la exmandataria, ya que Kicillof revel&oacute; que a&uacute;n no habl&oacute; con ella luego el [&hellip;]<\/p>\n","protected":false},"author":2,"featured_media":28743,"comment_status":"closed","ping_status":"closed","sticky":false,"template":"","format":"standard","meta":{"footnotes":""},"categories":[5,176],"tags":[1112,518,1461,224,232,996],"class_list":["post-28742","post","type-post","status-publish","format-standard","has-post-thumbnail","hentry","category-nacionales","category-politica","tag-axel-kicillof","tag-cristina-kirchner","tag-criticas","tag-gobierno","tag-javier-milei","tag-visita"],"_links":{"self":[{"href":"https:\/\/partediario.com.ar\/index.php?rest_route=\/wp\/v2\/posts\/28742","targetHints":{"allow":["GET"]}}],"collection":[{"href":"https:\/\/partediario.com.ar\/index.php?rest_route=\/wp\/v2\/posts"}],"about":[{"href":"https:\/\/partediario.com.ar\/index.php?rest_route=\/wp\/v2\/types\/post"}],"author":[{"embeddable":true,"href":"https:\/\/partediario.com.ar\/index.php?rest_route=\/wp\/v2\/users\/2"}],"replies":[{"embeddable":true,"href":"https:\/\/partediario.com.ar\/index.php?rest_route=%2Fwp%2Fv2%2Fcomments&post=28742"}],"version-history":[{"count":1,"href":"https:\/\/partediario.com.ar\/index.php?rest_route=\/wp\/v2\/posts\/28742\/revisions"}],"predecessor-version":[{"id":28744,"href":"https:\/\/partediario.com.ar\/index.php?rest_route=\/wp\/v2\/posts\/28742\/revisions\/28744"}],"wp:featuredmedia":[{"embeddable":true,"href":"https:\/\/partediario.com.ar\/index.php?rest_route=\/wp\/v2\/media\/28743"}],"wp:attachment":[{"href":"https:\/\/partediario.com.ar\/index.php?rest_route=%2Fwp%2Fv2%2Fmedia&parent=28742"}],"wp:term":[{"taxonomy":"category","embeddable":true,"href":"https:\/\/partediario.com.ar\/index.php?rest_route=%2Fwp%2Fv2%2Fcategories&post=28742"},{"taxonomy":"post_tag","embeddable":true,"href":"https:\/\/partediario.com.ar\/index.php?rest_route=%2Fwp%2Fv2%2Ftags&post=28742"}],"curies":[{"name":"wp","href":"https:\/\/api.w.org\/{rel}","templated":true}]}}