{"id":28748,"date":"2025-09-14T12:21:05","date_gmt":"2025-09-14T15:21:05","guid":{"rendered":"https:\/\/partediario.com.ar\/?p=28748"},"modified":"2025-09-15T19:17:42","modified_gmt":"2025-09-15T22:17:42","slug":"milei-participo-a-traves-de-un-video-en-un-acto-de-vox-y-califico-a-charlie-kirk-como-martir-de-la-libertad","status":"publish","type":"post","link":"https:\/\/partediario.com.ar\/?p=28748","title":{"rendered":"Milei particip\u00f3 a trav\u00e9s de un video en un acto de VOX y calific\u00f3 a Charlie Kirk como \u201cm\u00e1rtir de la libertad\u00bb"},"content":{"rendered":"\n<h2 class=\"wp-block-heading\">El presidente Javier Milei particip\u00f3 este domingo, a trav\u00e9s de un mensaje grabado, de un acto de VOX en Madrid, tras cancelar su viaje a Espa\u00f1a, luego del rev\u00e9s electoral que sufri\u00f3 en la provincia de Buenos Aires.<\/h2>\n\n\n\n<p>En su discurso, el mandatario argentino rindi\u00f3 homenaje al activista estadounidense Charlie Kirk, asesinado d\u00edas atr\u00e1s en Utah, a quien defini\u00f3 como \u201cun m\u00e1rtir de la libertad\u201d, y critic\u00f3 duramente a la izquierda internacional.<\/p>\n\n\n\n<p><\/p>\n\n\n\n<figure class=\"wp-block-video\"><video height=\"406\" style=\"aspect-ratio: 720 \/ 406;\" width=\"720\" controls src=\"https:\/\/partediario.com.ar\/wp-content\/uploads\/video-11.mp4\"><\/video><\/figure>\n\n\n\n<p><\/p>\n\n\n\n<p>\u201cLamentablemente, este hecho s\u00f3lo fue una prueba gr\u00e1fica m\u00e1s de lo que es verdaderamente la izquierda en su estado puro: odio y resentimiento\u201d, destac\u00f3 Milei en referencia al crimen del referente trumpista, baleado en el cuello durante una conferencia en un campus universitario.<\/p>\n\n\n\n<p>El presidente salud\u00f3 al l\u00edder de VOX, Santiago Abascal, a quien llam\u00f3 su \u201cgran amigo\u201d, y transmiti\u00f3 sus condolencias a la familia del activista norteamericano. En su intervenci\u00f3n, busc\u00f3 equiparar la situaci\u00f3n en distintos pa\u00edses al indicar que tanto a Kirk como a \u00e9l y a otros dirigentes conservadores los acusan de \u201cultras o extremos\u201d.<\/p>\n\n\n\n<p>\u201cSomos as\u00ed porque no queremos a delincuentes adue\u00f1\u00e1ndose de nuestras calles, no queremos una invasi\u00f3n migratoria, no queremos que quemen y destruyan nuestras ciudades, y tampoco vamos a aceptar que nos disparen por decirles lo que pensamos\u201d, manifest\u00f3 Milei ante la audiencia espa\u00f1ola.<\/p>\n\n\n\n<p>El mensaje del mandatario se proyect\u00f3 en el marco del evento de la formaci\u00f3n de ultraderecha espa\u00f1ola, donde su ausencia f\u00edsica no pas\u00f3 desapercibida luego de la suspensi\u00f3n de su viaje oficial.<\/p>\n\n\n\n<p>Milei se\u00f1al\u00f3 que su decisi\u00f3n de permanecer en el pa\u00eds respondi\u00f3 a la necesidad de defender \u201ccon u\u00f1as y dientes\u201d la gesti\u00f3n de su gobierno frente al nuevo escenario pol\u00edtico abierto luego de los comicios bonaerenses.<\/p>\n","protected":false},"excerpt":{"rendered":"<p>El presidente Javier Milei particip&oacute; este domingo, a trav&eacute;s de un mensaje grabado, de un acto de VOX en Madrid, tras cancelar su viaje a Espa&ntilde;a, luego del rev&eacute;s electoral que sufri&oacute; en la provincia de Buenos Aires. En su discurso, el mandatario argentino rindi&oacute; homenaje al activista estadounidense Charlie Kirk, asesinado d&iacute;as atr&aacute;s en [&hellip;]<\/p>\n","protected":false},"author":2,"featured_media":28750,"comment_status":"closed","ping_status":"closed","sticky":false,"template":"","format":"standard","meta":{"footnotes":""},"categories":[5,176],"tags":[709,232,163,6753],"class_list":["post-28748","post","type-post","status-publish","format-standard","has-post-thumbnail","hentry","category-nacionales","category-politica","tag-acto","tag-javier-milei","tag-video","tag-vox"],"_links":{"self":[{"href":"https:\/\/partediario.com.ar\/index.php?rest_route=\/wp\/v2\/posts\/28748","targetHints":{"allow":["GET"]}}],"collection":[{"href":"https:\/\/partediario.com.ar\/index.php?rest_route=\/wp\/v2\/posts"}],"about":[{"href":"https:\/\/partediario.com.ar\/index.php?rest_route=\/wp\/v2\/types\/post"}],"author":[{"embeddable":true,"href":"https:\/\/partediario.com.ar\/index.php?rest_route=\/wp\/v2\/users\/2"}],"replies":[{"embeddable":true,"href":"https:\/\/partediario.com.ar\/index.php?rest_route=%2Fwp%2Fv2%2Fcomments&post=28748"}],"version-history":[{"count":1,"href":"https:\/\/partediario.com.ar\/index.php?rest_route=\/wp\/v2\/posts\/28748\/revisions"}],"predecessor-version":[{"id":28751,"href":"https:\/\/partediario.com.ar\/index.php?rest_route=\/wp\/v2\/posts\/28748\/revisions\/28751"}],"wp:featuredmedia":[{"embeddable":true,"href":"https:\/\/partediario.com.ar\/index.php?rest_route=\/wp\/v2\/media\/28750"}],"wp:attachment":[{"href":"https:\/\/partediario.com.ar\/index.php?rest_route=%2Fwp%2Fv2%2Fmedia&parent=28748"}],"wp:term":[{"taxonomy":"category","embeddable":true,"href":"https:\/\/partediario.com.ar\/index.php?rest_route=%2Fwp%2Fv2%2Fcategories&post=28748"},{"taxonomy":"post_tag","embeddable":true,"href":"https:\/\/partediario.com.ar\/index.php?rest_route=%2Fwp%2Fv2%2Ftags&post=28748"}],"curies":[{"name":"wp","href":"https:\/\/api.w.org\/{rel}","templated":true}]}}