{"id":28769,"date":"2025-09-15T19:11:30","date_gmt":"2025-09-15T22:11:30","guid":{"rendered":"https:\/\/partediario.com.ar\/?p=28769"},"modified":"2025-09-18T10:44:36","modified_gmt":"2025-09-18T13:44:36","slug":"un-juez-de-catamarca-ordeno-restablecer-las-pensiones-por-discapacidad","status":"publish","type":"post","link":"https:\/\/partediario.com.ar\/?p=28769","title":{"rendered":"Un juez de Catamarca orden\u00f3 restablecer las pensiones por discapacidad"},"content":{"rendered":"\n<h2 class=\"wp-block-heading\">Guillermo D\u00edaz Mart\u00ednez, el juez federal N\u00ba2 de la provincia de Catamarca, le exigi\u00f3 a la Agencia Nacional de Discapacidad (ANDIS) que restablezca las pensiones por discapacidad a aquellas personas a las que se las hab\u00edan suspendido, tras aceptar la cautelar que present\u00f3 la Asociaci\u00f3n de Personas y Familiares de Discapacitados Motores (APYFADIM), representada por Dalmacio Mera, el defensor del Pueblo.<\/h2>\n\n\n\n<p>Adem\u00e1s, el magistrado se\u00f1al\u00f3 que \u00e9stos \u00abson derechos de indudable naturaleza colectiva\u201d, pero adem\u00e1s \u201cindividuales\u201d, afectados de manera com\u00fan \u201cpor una norma inconstitucional\u201d y por una ejecuci\u00f3n \u201cirregular\u201d por parte de la Administraci\u00f3n.<\/p>\n\n\n\n<p>Seg\u00fan un medio local, D\u00edaz Mart\u00ednez, se\u00f1al\u00f3 que en el plazo de 24, desde el dictado del fallo, se debe restituir \u201cla totalidad de las pensiones a los titulares\u201d y pagarse el importe de los haberes \u201cde pensiones retenidas a la fecha\u00bb. Paralelamente, le exigi\u00f3 a la ANDIS que \u00abse abstenga de continuar las auditor\u00edas y de disponer nuevas suspensiones de pensiones no contributivas por incapacidad\u00bb.<\/p>\n\n\n\n<p>\u201cLa presentaci\u00f3n hab\u00eda sido realizada por Griselda Baz\u00e1n, presidenta de APYFADIM, acompa\u00f1ada por seis titulares de pensiones que hab\u00edan sufrido la suspensi\u00f3n del beneficio, todos ellos patrocinados por la Defensor\u00eda del Pueblo\u201d, se\u00f1ala el diario El Ancasti.<\/p>\n\n\n\n<p>La presentaci\u00f3n fue una acci\u00f3n de amparo iniciada \u201ccontra el Estado Nacional y la ANDIS\u201d, en la que se solicit\u00f3 \u201cque se declare la nulidad\u201d de la suspensi\u00f3n de las pensiones por invalidez de cada beneficiario afectado. Tambi\u00e9n se pidi\u00f3 \u201cla adecuaci\u00f3n del procedimiento de auditor\u00edas\u201d y que se declare la \u201cinconstitucionalidad\u201d del Decreto N\u00ba843\/2024.<\/p>\n\n\n\n<p>El dictamen fue emitido por el fiscal federal Santos Reynoso la semana pasada, en favor del amparo que se present\u00f3 el viernes 5 de septiembre.<\/p>\n","protected":false},"excerpt":{"rendered":"<p>Guillermo D&iacute;az Mart&iacute;nez, el juez federal N&ordm;2 de la provincia de Catamarca, le exigi&oacute; a la Agencia Nacional de Discapacidad (ANDIS) que restablezca las pensiones por discapacidad a aquellas personas a las que se las hab&iacute;an suspendido, tras aceptar la cautelar que present&oacute; la Asociaci&oacute;n de Personas y Familiares de Discapacitados Motores (APYFADIM), representada por [&hellip;]<\/p>\n","protected":false},"author":2,"featured_media":28770,"comment_status":"closed","ping_status":"closed","sticky":false,"template":"","format":"standard","meta":{"footnotes":""},"categories":[176,8,726],"tags":[1904,1197,1903,2012,6806,6804,1902,6805],"class_list":["post-28769","post","type-post","status-publish","format-standard","has-post-thumbnail","hentry","category-politica","category-provinciales","category-sociedad","tag-andis","tag-catamarca","tag-discapacidad","tag-escandalo","tag-guillermo-diaz-martinez","tag-ordenan","tag-pensiones","tag-reestablecer"],"_links":{"self":[{"href":"https:\/\/partediario.com.ar\/index.php?rest_route=\/wp\/v2\/posts\/28769","targetHints":{"allow":["GET"]}}],"collection":[{"href":"https:\/\/partediario.com.ar\/index.php?rest_route=\/wp\/v2\/posts"}],"about":[{"href":"https:\/\/partediario.com.ar\/index.php?rest_route=\/wp\/v2\/types\/post"}],"author":[{"embeddable":true,"href":"https:\/\/partediario.com.ar\/index.php?rest_route=\/wp\/v2\/users\/2"}],"replies":[{"embeddable":true,"href":"https:\/\/partediario.com.ar\/index.php?rest_route=%2Fwp%2Fv2%2Fcomments&post=28769"}],"version-history":[{"count":1,"href":"https:\/\/partediario.com.ar\/index.php?rest_route=\/wp\/v2\/posts\/28769\/revisions"}],"predecessor-version":[{"id":28771,"href":"https:\/\/partediario.com.ar\/index.php?rest_route=\/wp\/v2\/posts\/28769\/revisions\/28771"}],"wp:featuredmedia":[{"embeddable":true,"href":"https:\/\/partediario.com.ar\/index.php?rest_route=\/wp\/v2\/media\/28770"}],"wp:attachment":[{"href":"https:\/\/partediario.com.ar\/index.php?rest_route=%2Fwp%2Fv2%2Fmedia&parent=28769"}],"wp:term":[{"taxonomy":"category","embeddable":true,"href":"https:\/\/partediario.com.ar\/index.php?rest_route=%2Fwp%2Fv2%2Fcategories&post=28769"},{"taxonomy":"post_tag","embeddable":true,"href":"https:\/\/partediario.com.ar\/index.php?rest_route=%2Fwp%2Fv2%2Ftags&post=28769"}],"curies":[{"name":"wp","href":"https:\/\/api.w.org\/{rel}","templated":true}]}}