{"id":2877,"date":"2024-06-19T11:04:46","date_gmt":"2024-06-19T14:04:46","guid":{"rendered":"https:\/\/partediario.com.ar\/?p=2877"},"modified":"2024-06-19T11:04:47","modified_gmt":"2024-06-19T14:04:47","slug":"el-aniversario-de-la-ciudad-tendra-un-festival-para-toda-la-familia","status":"publish","type":"post","link":"https:\/\/partediario.com.ar\/?p=2877","title":{"rendered":"El aniversario de la ciudad tendr\u00e1 un Festival para toda la familia"},"content":{"rendered":"\n<p><strong>Ser\u00e1 el s\u00e1bado 22 desde el mediod\u00eda con el Festival Ciudad de Historias, gratis, en el Monumento a Urquiza. Se presentar\u00e1n Lara de r\u00edo, Cuero al viento, Urban Style y el gran cierre de El Zar.<\/strong><\/p>\n\n\n\n<p>En el festival podr\u00e1 disfrutarse adem\u00e1s de un patio gastron\u00f3mico y feria de emprendedores.<\/p>\n\n\n\n<p><strong>Sobre El Zar<\/strong><\/p>\n\n\n\n<p>D\u00fao integrado por Facundo Casta\u00f1o Montoya en voz y Pablo Gim\u00e9nez en guitarra. Formado en Buenos Aires en 2014, dentro de sus shows principales se encuentran los festivales Lollapalooza, Nueva Generaci\u00f3n y Rock en Baradero. En 2017 resultaron ganadores de la Bienal de Arte Joven en la categor\u00eda m\u00fasica.<\/p>\n\n\n\n<p>El Zar mantiene el esp\u00edritu de la m\u00fasica argentina. Los shows en vivo mutan hacia la banda, integrada por Bruno Dante (bateri\u0301a), Nicol\u00e1s Garay (bajo), y Mateo Dafour (teclados y programaci\u00f3n).<\/p>\n","protected":false},"excerpt":{"rendered":"<p>Ser&aacute; el s&aacute;bado 22 desde el mediod&iacute;a con el Festival Ciudad de Historias, gratis, en el Monumento a Urquiza. Se presentar&aacute;n Lara de r&iacute;o, Cuero al viento, Urban Style y el gran cierre de El Zar. En el festival podr&aacute; disfrutarse adem&aacute;s de un patio gastron&oacute;mico y feria de emprendedores. Sobre El Zar D&uacute;o integrado [&hellip;]<\/p>\n","protected":false},"author":2,"featured_media":2878,"comment_status":"open","ping_status":"open","sticky":false,"template":"","format":"standard","meta":{"footnotes":""},"categories":[6],"tags":[631,502,633,632,257,455,634,210,265],"class_list":["post-2877","post","type-post","status-publish","format-standard","has-post-thumbnail","hentry","category-locales","tag-aniversario","tag-ciudad","tag-cuero-al-viento","tag-el-zar","tag-entre-rios","tag-festival","tag-lara-de-rio","tag-municipalidad","tag-parana"],"_links":{"self":[{"href":"https:\/\/partediario.com.ar\/index.php?rest_route=\/wp\/v2\/posts\/2877","targetHints":{"allow":["GET"]}}],"collection":[{"href":"https:\/\/partediario.com.ar\/index.php?rest_route=\/wp\/v2\/posts"}],"about":[{"href":"https:\/\/partediario.com.ar\/index.php?rest_route=\/wp\/v2\/types\/post"}],"author":[{"embeddable":true,"href":"https:\/\/partediario.com.ar\/index.php?rest_route=\/wp\/v2\/users\/2"}],"replies":[{"embeddable":true,"href":"https:\/\/partediario.com.ar\/index.php?rest_route=%2Fwp%2Fv2%2Fcomments&post=2877"}],"version-history":[{"count":1,"href":"https:\/\/partediario.com.ar\/index.php?rest_route=\/wp\/v2\/posts\/2877\/revisions"}],"predecessor-version":[{"id":2879,"href":"https:\/\/partediario.com.ar\/index.php?rest_route=\/wp\/v2\/posts\/2877\/revisions\/2879"}],"wp:featuredmedia":[{"embeddable":true,"href":"https:\/\/partediario.com.ar\/index.php?rest_route=\/wp\/v2\/media\/2878"}],"wp:attachment":[{"href":"https:\/\/partediario.com.ar\/index.php?rest_route=%2Fwp%2Fv2%2Fmedia&parent=2877"}],"wp:term":[{"taxonomy":"category","embeddable":true,"href":"https:\/\/partediario.com.ar\/index.php?rest_route=%2Fwp%2Fv2%2Fcategories&post=2877"},{"taxonomy":"post_tag","embeddable":true,"href":"https:\/\/partediario.com.ar\/index.php?rest_route=%2Fwp%2Fv2%2Ftags&post=2877"}],"curies":[{"name":"wp","href":"https:\/\/api.w.org\/{rel}","templated":true}]}}