{"id":28794,"date":"2025-09-18T18:35:50","date_gmt":"2025-09-18T21:35:50","guid":{"rendered":"https:\/\/partediario.com.ar\/?p=28794"},"modified":"2025-09-19T17:13:52","modified_gmt":"2025-09-19T20:13:52","slug":"insolito-concejal-libertario-de-cordoba-propuso-declarar-el-11-de-septiembre-como-dia-del-maestro","status":"publish","type":"post","link":"https:\/\/partediario.com.ar\/?p=28794","title":{"rendered":"INS\u00d3LITO: concejal libertario de C\u00f3rdoba propuso declarar el 11 de septiembre como D\u00eda del Maestro"},"content":{"rendered":"\n<h2 class=\"wp-block-heading\">La iniciativa presentada en R\u00edo Cuarto gener\u00f3 burlas en redes sociales porque la fecha ya est\u00e1 establecida desde 1945.<\/h2>\n\n\n\n<p>Aunque parezca ins\u00f3lito, es real: un concejal libertario de R\u00edo Cuarto present\u00f3 un proyecto para declarar el 11 de septiembre como D\u00eda del Maestro, algo que en Argentina se conmemora oficialmente desde hace ocho d\u00e9cadas. La propuesta fue impulsada por Mario Lamberghini, edil del Partido Libertario, en el Concejo Deliberante local.<\/p>\n\n\n\n<p><\/p>\n\n\n\n<figure class=\"wp-block-image size-full\"><img loading=\"lazy\" decoding=\"async\" width=\"768\" height=\"876\" src=\"https:\/\/partediario.com.ar\/wp-content\/uploads\/Imagen.webp\" alt=\"\" class=\"wp-image-28795\" srcset=\"https:\/\/partediario.com.ar\/wp-content\/uploads\/Imagen.webp 768w, https:\/\/partediario.com.ar\/wp-content\/uploads\/Imagen-263x300.webp 263w\" sizes=\"auto, (max-width: 768px) 100vw, 768px\" \/><\/figure>\n\n\n\n<p><\/p>\n\n\n\n<p>El texto presentado busca declarar a Domingo Faustino Sarmiento como figura ilustre y establecer actividades educativas y culturales en su memoria cada 11 de septiembre. El detalle que encendi\u00f3 las cr\u00edticas es que la fecha ya fue instituida en 1945, cuando un decreto del entonces presidente de facto Edelmiro Farrell oficializ\u00f3 el homenaje tras la Conferencia de Ministros de Educaci\u00f3n de 1943 en Panam\u00e1.<\/p>\n\n\n\n<p>La iniciativa se viraliz\u00f3 r\u00e1pidamente y despert\u00f3 entre sorpresas y burlas en redes sociales. Muchos usuarios cuestionaron la falta de informaci\u00f3n hist\u00f3rica del concejal y remarcaron la redundancia del proyecto.<\/p>\n\n\n\n<p>Cabe recordar que Sarmiento, considerado el \u201cPadre del Aula\u201d, falleci\u00f3 el 11 de septiembre de 1888. Desde 1945, cada a\u00f1o en nuestro pa\u00eds se realizan actos escolares y homenajes en esa fecha en reconocimiento a su figura y a la labor docente.<\/p>\n","protected":false},"excerpt":{"rendered":"<p>La iniciativa presentada en R&iacute;o Cuarto gener&oacute; burlas en redes sociales porque la fecha ya est&aacute; establecida desde 1945. Aunque parezca ins&oacute;lito, es real: un concejal libertario de R&iacute;o Cuarto present&oacute; un proyecto para declarar el 11 de septiembre como D&iacute;a del Maestro, algo que en Argentina se conmemora oficialmente desde hace ocho d&eacute;cadas. La [&hellip;]<\/p>\n","protected":false},"author":2,"featured_media":28796,"comment_status":"closed","ping_status":"closed","sticky":false,"template":"","format":"standard","meta":{"footnotes":""},"categories":[176,8,726],"tags":[2329,303,6815,6816,3687],"class_list":["post-28794","post","type-post","status-publish","format-standard","has-post-thumbnail","hentry","category-politica","category-provinciales","category-sociedad","tag-concejal","tag-cordoba","tag-dia-del-maestro","tag-domingo-faustino-sarmiento","tag-libertario"],"_links":{"self":[{"href":"https:\/\/partediario.com.ar\/index.php?rest_route=\/wp\/v2\/posts\/28794","targetHints":{"allow":["GET"]}}],"collection":[{"href":"https:\/\/partediario.com.ar\/index.php?rest_route=\/wp\/v2\/posts"}],"about":[{"href":"https:\/\/partediario.com.ar\/index.php?rest_route=\/wp\/v2\/types\/post"}],"author":[{"embeddable":true,"href":"https:\/\/partediario.com.ar\/index.php?rest_route=\/wp\/v2\/users\/2"}],"replies":[{"embeddable":true,"href":"https:\/\/partediario.com.ar\/index.php?rest_route=%2Fwp%2Fv2%2Fcomments&post=28794"}],"version-history":[{"count":1,"href":"https:\/\/partediario.com.ar\/index.php?rest_route=\/wp\/v2\/posts\/28794\/revisions"}],"predecessor-version":[{"id":28797,"href":"https:\/\/partediario.com.ar\/index.php?rest_route=\/wp\/v2\/posts\/28794\/revisions\/28797"}],"wp:featuredmedia":[{"embeddable":true,"href":"https:\/\/partediario.com.ar\/index.php?rest_route=\/wp\/v2\/media\/28796"}],"wp:attachment":[{"href":"https:\/\/partediario.com.ar\/index.php?rest_route=%2Fwp%2Fv2%2Fmedia&parent=28794"}],"wp:term":[{"taxonomy":"category","embeddable":true,"href":"https:\/\/partediario.com.ar\/index.php?rest_route=%2Fwp%2Fv2%2Fcategories&post=28794"},{"taxonomy":"post_tag","embeddable":true,"href":"https:\/\/partediario.com.ar\/index.php?rest_route=%2Fwp%2Fv2%2Ftags&post=28794"}],"curies":[{"name":"wp","href":"https:\/\/api.w.org\/{rel}","templated":true}]}}