{"id":28807,"date":"2025-09-19T16:50:05","date_gmt":"2025-09-19T19:50:05","guid":{"rendered":"https:\/\/partediario.com.ar\/?p=28807"},"modified":"2025-09-20T16:46:31","modified_gmt":"2025-09-20T19:46:31","slug":"el-apocalipsis-segun-santiago-cuneo-la-republica-esta-terminada-y-la-argentina-esta-en-default-absoluto","status":"publish","type":"post","link":"https:\/\/partediario.com.ar\/?p=28807","title":{"rendered":"El apocalipsis seg\u00fan Santiago C\u00faneo: \u201cLa Rep\u00fablica est\u00e1 terminada y la Argentina est\u00e1 en default absoluto\u201d"},"content":{"rendered":"\n<h2 class=\"wp-block-heading\">El candidato a diputado por el espacio Confederaci\u00f3n Santiago C\u00faneo, critic\u00f3 el programa econ\u00f3mico del presidente Javier Milei y anticip\u00f3 una \u201cmega, super, hiper crisis\u201d econ\u00f3mica, pol\u00edtica y social.<\/h2>\n\n\n\n<p>\u201cLa Rep\u00fablica est\u00e1 terminada y la Argentina est\u00e1 en default absoluto, en estado de quiebra, y ha sido producto de la sucesi\u00f3n interminable de pol\u00edticas liberales tanto con Alberto (Fern\u00e1ndez) y con Cristina (Fern\u00e1ndez), como con (Mauricio) Macri y con (Javier) Milei\u201d, se\u00f1al\u00f3 C\u00faneo en declaraciones radiales.<\/p>\n\n\n\n<p>Y agreg\u00f3: \u201cLamentablemente es cr\u00f3nica de una muerte anunciada, lo que hab\u00eda anticipado ya hace dos a\u00f1os porque la condici\u00f3n del cumplimiento es de car\u00e1cter matem\u00e1tico, son n\u00fameros\u201d.<\/p>\n\n\n\n<p>\u201cUno pod\u00eda saber qu\u00e9 iba a pasar con el d\u00f3lar, saber que iba a volar por el aire el riesgo pa\u00eds, que iba a trasladarse a precios, de la ca\u00edda del salario, porque sabemos que los liberales tienen tres variables en la econom\u00eda: endeudarse, por un lado, que es lo que hacen los megaliberales genocidas sociales; emitir, que lo hacen los populistas descontrolados que no saben de econom\u00eda, pero ninguno usa la tercera variable que es generar riqueza exportando\u201d, se\u00f1al\u00f3.<\/p>\n\n\n\n<p>Adem\u00e1s, denunci\u00f3 que la Argentina atraves\u00f3 \u201cciclos de endeudamiento sin que ninguno interrumpiera la consolidaci\u00f3n de los endeudamientos del anterior\u00bb, por lo que vaticin\u00f3 una \u201cmega, mega, super, hiper, crisis\u201d.<\/p>\n\n\n\n<p>\u201cEsto es 2001 m\u00e1s 89. O sea, crisis financiera, crisis econ\u00f3mica, m\u00e1s crisis pol\u00edtica. Eso explota, sale la puz social, cuando la bronca se exterioriza, eso es inevitable\u201d, ejemplific\u00f3, y complet\u00f3: \u201c\u00bfPor qu\u00e9, si repitieron una y otra vez el mismo camino, \u00edbamos a tener un resultado distinto?\u201d.<\/p>\n\n\n\n<p>Seg\u00fan C\u00faneo, el Presidente libertario ten\u00eda \u00abdos banderas\u201d que perdi\u00f3 durante el transcurso de la gesti\u00f3n: \u201cLa honestidad, que se muri\u00f3 con el 3%; la imagen de contra sistema, que termin\u00f3 con Daniel Scioli en su gabinete y Guillermo Francos, los Menem y la jungla que tiene de legisladores que vienen de prost\u00edbulos o de cueva de la City; y se aferra ahora a la baja de la inflaci\u00f3n y al equilibrio fiscal\u201d, dispar\u00f3.<\/p>\n\n\n\n<p>\u201cSon dos variables del sistema financiero que cada pa\u00eds las administra de distinta forma. No existe un dogma con respecto al equilibrio fiscal y no existe un dogma con respecto a la inflaci\u00f3n\u201d, asegur\u00f3\u00f3 al tiempo que adelant\u00f3 que el Riesgo Pa\u00eds va a aumentar.<\/p>\n\n\n\n<p>Plante\u00f3 que la crisis se resuelve con \u201cun plan pol\u00edtico\u201d, y aclar\u00f3: \u201cCuando no sabes qu\u00e9 sos, no sabes a d\u00f3nde ir, entonces ning\u00fan pa\u00eds puede implementar medidas econ\u00f3micas sin identidad pol\u00edtica. Y la Argentina, lo que le est\u00e1 diciendo a los inversores, a\u00fan a los de Carrie Trade, a los especuladores y usureros, es v\u00e1yanse de ac\u00e1 a correr\u201d.<\/p>\n\n\n\n<p>Finalizando, critic\u00f3 los lazos de la administraci\u00f3n libertaria con el gobierno republicano de Estados Unidos, y cuestion\u00f3 la designaci\u00f3n del flamante embajador en la Argentina, Peter Lamelas.<\/p>\n\n\n\n<p>\u201cDonald Trump en este momento est\u00e1 en una situaci\u00f3n de inestabilidad pol\u00edtica interna y geopol\u00edtica donde la Argentina est\u00e1 en su orden de prioridades en el n\u00famero de 1.500.000\u201d, ironiz\u00f3, y acot\u00f3: \u201cEl que va a regentear el gobierno es el embajador de Trump. Te dicen que si quer\u00e9s plata, te compres un Monopoly\u201d.<\/p>\n","protected":false},"excerpt":{"rendered":"<p>El candidato a diputado por el espacio Confederaci&oacute;n Santiago C&uacute;neo, critic&oacute; el programa econ&oacute;mico del presidente Javier Milei y anticip&oacute; una &ldquo;mega, super, hiper crisis&rdquo; econ&oacute;mica, pol&iacute;tica y social. &ldquo;La Rep&uacute;blica est&aacute; terminada y la Argentina est&aacute; en default absoluto, en estado de quiebra, y ha sido producto de la sucesi&oacute;n interminable de pol&iacute;ticas liberales [&hellip;]<\/p>\n","protected":false},"author":2,"featured_media":28808,"comment_status":"closed","ping_status":"closed","sticky":false,"template":"","format":"standard","meta":{"footnotes":""},"categories":[5,176],"tags":[411,6824,232,6823],"class_list":["post-28807","post","type-post","status-publish","format-standard","has-post-thumbnail","hentry","category-nacionales","category-politica","tag-argentina","tag-default","tag-javier-milei","tag-santiago-cuneo"],"_links":{"self":[{"href":"https:\/\/partediario.com.ar\/index.php?rest_route=\/wp\/v2\/posts\/28807","targetHints":{"allow":["GET"]}}],"collection":[{"href":"https:\/\/partediario.com.ar\/index.php?rest_route=\/wp\/v2\/posts"}],"about":[{"href":"https:\/\/partediario.com.ar\/index.php?rest_route=\/wp\/v2\/types\/post"}],"author":[{"embeddable":true,"href":"https:\/\/partediario.com.ar\/index.php?rest_route=\/wp\/v2\/users\/2"}],"replies":[{"embeddable":true,"href":"https:\/\/partediario.com.ar\/index.php?rest_route=%2Fwp%2Fv2%2Fcomments&post=28807"}],"version-history":[{"count":1,"href":"https:\/\/partediario.com.ar\/index.php?rest_route=\/wp\/v2\/posts\/28807\/revisions"}],"predecessor-version":[{"id":28809,"href":"https:\/\/partediario.com.ar\/index.php?rest_route=\/wp\/v2\/posts\/28807\/revisions\/28809"}],"wp:featuredmedia":[{"embeddable":true,"href":"https:\/\/partediario.com.ar\/index.php?rest_route=\/wp\/v2\/media\/28808"}],"wp:attachment":[{"href":"https:\/\/partediario.com.ar\/index.php?rest_route=%2Fwp%2Fv2%2Fmedia&parent=28807"}],"wp:term":[{"taxonomy":"category","embeddable":true,"href":"https:\/\/partediario.com.ar\/index.php?rest_route=%2Fwp%2Fv2%2Fcategories&post=28807"},{"taxonomy":"post_tag","embeddable":true,"href":"https:\/\/partediario.com.ar\/index.php?rest_route=%2Fwp%2Fv2%2Ftags&post=28807"}],"curies":[{"name":"wp","href":"https:\/\/api.w.org\/{rel}","templated":true}]}}