{"id":28810,"date":"2025-09-19T16:55:51","date_gmt":"2025-09-19T19:55:51","guid":{"rendered":"https:\/\/partediario.com.ar\/?p=28810"},"modified":"2025-09-20T16:46:28","modified_gmt":"2025-09-20T19:46:28","slug":"convence-a-los-tenedores-de-bonos-o-declara-el-default-no-hay-muchas-alternativas-senalo-de-pablo","status":"publish","type":"post","link":"https:\/\/partediario.com.ar\/?p=28810","title":{"rendered":"\u00abConvence a los tenedores de bonos o declara el default, no hay muchas alternativas\u00bb, se\u00f1al\u00f3 de Pablo"},"content":{"rendered":"\n<h2 class=\"wp-block-heading\">El economista Juan Carlos De Pablo expres\u00f3 hoy que \u00abno hay muchas alternativas\u00bb para el Gobierno dado que \u00abtendr\u00e1 que colocar bonos nuevos y convencer a los tenedores actuales\u00bb.<\/h2>\n\n\n\n<p>\u00abEl Gobierno va a tener que intentar colocar bonos frescos, sino convence a los actuales tenedores y sino declara el default, no hay muchas alternativas\u00bb, destac\u00f3 De Pablo en declaraciones period\u00edsticas.<\/p>\n\n\n\n<p>Indic\u00f3 que no es posible vaticinar qu\u00e9 pasar\u00e1 con la presi\u00f3n cambiaria: \u00abLos mercados de activos funcionan porque los seres humanos con respecto al futuro tenemos ideas diferentes, los pesimistas siempre les venden a los optimistas, y bueno alguno de los dos tiene raz\u00f3n\u00bb.<\/p>\n\n\n\n<p>Sin embargo, el economista cercano a Javier Milei expres\u00f3 que la estrategia de bandas tiene que ser sostenible \u00abpor lo menos hasta las elecciones\u00bb, aunque no asegur\u00f3 si ser\u00e1 posible: \u00abNo tenemos c\u00f3mo saberlo\u00bb dado que \u00abdefiniciones de reservas netas hay millones diferentes\u00bb.<\/p>\n\n\n\n<p>Sobre las ventas del Gobierno por m\u00e1s de 400 millones de d\u00f3lares para contener el tipo de cambio, se\u00f1al\u00f3 que \u00ablo importante es que el gobienro dijo si el d\u00f3lar llega a la banda superior vendo y vendi\u00f3, esta es la clave, cuando lo pusieron a prueba las \u00faltimas dos jornadas lo hizo\u00bb.<\/p>\n\n\n\n<p>\u00abHubo una regla y la regla se ha cumplido, me hubiera sorprendido que no hubiera vendido\u00bb, apunt\u00f3.<\/p>\n\n\n\n<p>De Pablo asegur\u00f3 que hay un cambio en el rumbo de la econom\u00eda al observar que \u00absi hace tres meses hubieramos hablado, hubieramos dicho que la econom\u00eda se estaba reactivando aunque cada vez m\u00e1s lenta; sin embargo ayer vimos que la econom\u00eda en el segundo trimestre se estanc\u00f3\u00bb.<\/p>\n\n\n\n<p>Consultado sobre las afirmaciones del presidente Javier Milei, quien dijo que \u00ablo peor ya pas\u00f3\u00bb, De Pablo mencion\u00f3 que \u00ablos presidentes siempre dicen que lo peor ya pas\u00f3, los ministros de econom\u00eda siempre dicen que no van a devaluar\u00bb.<\/p>\n\n\n\n<p>\u00abNo tiene ning\u00fan valor eso\u00bb, cerr\u00f3.<\/p>\n","protected":false},"excerpt":{"rendered":"<p>El economista Juan Carlos De Pablo expres&oacute; hoy que &laquo;no hay muchas alternativas&raquo; para el Gobierno dado que &laquo;tendr&aacute; que colocar bonos nuevos y convencer a los tenedores actuales&raquo;. &laquo;El Gobierno va a tener que intentar colocar bonos frescos, sino convence a los actuales tenedores y sino declara el default, no hay muchas alternativas&raquo;, destac&oacute; [&hellip;]<\/p>\n","protected":false},"author":2,"featured_media":28811,"comment_status":"closed","ping_status":"closed","sticky":false,"template":"","format":"standard","meta":{"footnotes":""},"categories":[5,176],"tags":[1848,6824,232,6825],"class_list":["post-28810","post","type-post","status-publish","format-standard","has-post-thumbnail","hentry","category-nacionales","category-politica","tag-bonos","tag-default","tag-javier-milei","tag-juan-carlos-de-pablo"],"_links":{"self":[{"href":"https:\/\/partediario.com.ar\/index.php?rest_route=\/wp\/v2\/posts\/28810","targetHints":{"allow":["GET"]}}],"collection":[{"href":"https:\/\/partediario.com.ar\/index.php?rest_route=\/wp\/v2\/posts"}],"about":[{"href":"https:\/\/partediario.com.ar\/index.php?rest_route=\/wp\/v2\/types\/post"}],"author":[{"embeddable":true,"href":"https:\/\/partediario.com.ar\/index.php?rest_route=\/wp\/v2\/users\/2"}],"replies":[{"embeddable":true,"href":"https:\/\/partediario.com.ar\/index.php?rest_route=%2Fwp%2Fv2%2Fcomments&post=28810"}],"version-history":[{"count":1,"href":"https:\/\/partediario.com.ar\/index.php?rest_route=\/wp\/v2\/posts\/28810\/revisions"}],"predecessor-version":[{"id":28812,"href":"https:\/\/partediario.com.ar\/index.php?rest_route=\/wp\/v2\/posts\/28810\/revisions\/28812"}],"wp:featuredmedia":[{"embeddable":true,"href":"https:\/\/partediario.com.ar\/index.php?rest_route=\/wp\/v2\/media\/28811"}],"wp:attachment":[{"href":"https:\/\/partediario.com.ar\/index.php?rest_route=%2Fwp%2Fv2%2Fmedia&parent=28810"}],"wp:term":[{"taxonomy":"category","embeddable":true,"href":"https:\/\/partediario.com.ar\/index.php?rest_route=%2Fwp%2Fv2%2Fcategories&post=28810"},{"taxonomy":"post_tag","embeddable":true,"href":"https:\/\/partediario.com.ar\/index.php?rest_route=%2Fwp%2Fv2%2Ftags&post=28810"}],"curies":[{"name":"wp","href":"https:\/\/api.w.org\/{rel}","templated":true}]}}