{"id":28816,"date":"2025-09-19T17:09:10","date_gmt":"2025-09-19T20:09:10","guid":{"rendered":"https:\/\/partediario.com.ar\/?p=28816"},"modified":"2025-09-20T16:46:20","modified_gmt":"2025-09-20T19:46:20","slug":"la-sociedad-va-a-volver-a-reflexionar-y-este-26-de-octubre-va-a-pintar-de-violeta-el-pais-senalo-milei","status":"publish","type":"post","link":"https:\/\/partediario.com.ar\/?p=28816","title":{"rendered":"\u00abLa sociedad va a volver a reflexionar y este 26 de octubre va a pintar de violeta el pa\u00eds\u00bb, se\u00f1al\u00f3 Milei"},"content":{"rendered":"\n<h2 class=\"wp-block-heading\">Desde C\u00f3rdoba, el presidente Javier Milei consider\u00f3 hoy que la sociedad \u00abva a volver a reflexionar\u00bb, y en la pr\u00f3xima elecci\u00f3n legislativa nacional del 26 de octubre, La Libertad Avanza \u00abva a pintar de violeta al pa\u00eds\u00bb.<\/h2>\n\n\n\n<p>En su exposici\u00f3n en la Bolsa de Comercio de C\u00f3rdoba, el mandatario acus\u00f3 a la oposici\u00f3n a la que referenci\u00f3 como \u00abel partido del Estado\u00bb de intentar destruir al Gobierno, en el marco del a\u00f1o electoral, y apunt\u00f3 que \u00abconstruir requiere de mucho trabajo\u00bb.<\/p>\n\n\n\n<p>\u00abSi tomamos conciencia del monstruo que hay enfrente, creo que la sociedad va a volver a reflexionar, y este 26 de octubre va a pintar de violeta el pa\u00eds\u00bb, agreg\u00f3, lo que gener\u00f3 tibios aplausos de los presentes.<\/p>\n\n\n\n<p>Asimismo, ironiz\u00f3: \u201cPor eso fue era tan genial el ejemplo que hab\u00eda hecho Alfredo Casero con el flan. Se le hab\u00eda terminado de quemar la casa y gritaba que quer\u00eda flan. No, pero se quem\u00f3 la casa. \u2018Quiero flan\u2019. Pero no hay heladera. \u2018Quiero flan\u2019. Pareciera que la pol\u00edtica en Argentina est\u00e1 empecinada en eso, en violar sistem\u00e1ticamente la restricci\u00f3n de presupuesto\u201d, destac\u00f3.<\/p>\n\n\n\n<p>Con un claro mensaje sobre la oposici\u00f3n, agreg\u00f3: \u00abEsto es m\u00e1s all\u00e1 de una encuesta o de lo que uno pueda estar mirando, es principio de revelaci\u00f3n pura. Si estuvieran para ganar acorde a lo agrandados que est\u00e1n, no estar\u00edan tratando de romper todo, todo el tiempo\u00bb, dijo.<\/p>\n\n\n\n<p>\u00abParte de todas las problem\u00e1ticas que se est\u00e1n impulsando desde el partido del Estado, es la contracara porque saben que pierden, entonces quieren romper todo para conseguir un mejor resultado\u00bb, advirti\u00f3 el mandatario y agreg\u00f3: \u00abPero nosotros vamos a seguir peleando y avanzando, no nos vamos a rendir de ninguna manera, porque vinimos para hacer grande a la Argentina nuevamente y no vamos a cesar en esa tarea de ninguna manera\u00bb.<\/p>\n\n\n\n<p>De cara a los comicios nacionales, Milei aprovech\u00f3 para subrayar a la ministra de Seguridad, Patricia Bullrich, quien competir\u00e1 por una banca en la C\u00e1mara de Senadores, y mencion\u00f3 al expresidente Mauricio Macri, a quien desde La Libertad Avanza intentan acercarse.<\/p>\n\n\n\n<p>Seg\u00fan se\u00f1al\u00f3 el mandatario, los argentinos mantienen \u00abuna gran deuda\u00bb con su funcionaria a la que describi\u00f3 como \u00abuna verdadera patriota\u00bb por llamar a votar a la lista libertaria camino al balotaje del 19 de noviembre de 2023.<\/p>\n\n\n\n<p>Por su parte, vaticin\u00f3 \u00abuna peque\u00f1a pausa\u00bb de lo que defini\u00f3 como la marcha econ\u00f3mica del pa\u00eds y que le atribuye \u00aba la volatilidad que est\u00e1 creando el partido del Estado\u00bb, pero garantiz\u00f3 que si el 26 de octubre, la sociedad pinta a la Argentina de violeta, iniciar\u00e1 \u00abel camino a la Tierra Prometida\u00bb.<\/p>\n\n\n\n<p>El presidente adelant\u00f3 adem\u00e1s que impulsar\u00e1 una reforma laboral, una reforma tributaria, y \u00abmucha desregulaci\u00f3n econ\u00f3mica para adelante\u00bb, y vaticin\u00f3 resistencia de la oposici\u00f3n. \u00abCuando le empezaron a torpedear el barco a De la R\u00faa fue porque quiso hacer la reforma laboral. No sea cosa que los que est\u00e1n torpedeando atr\u00e1s sean los mismos. No van a poder parar el cambio\u00bb, apunt\u00f3.<\/p>\n\n\n\n<p>Adem\u00e1s, indic\u00f3 que \u201cdoblegar el statu quo no es f\u00e1cil\u201d porque \u201clos procesos de cambio siempre generan resistencia\u201d, y cuestion\u00f3 al ex gobernador de esa provincia, Juan Schiaretti, por haber criticado el modelo libertario. \u201cCuanto m\u00e1s fuerte, la resistencia es a\u00fan much\u00edsimo mayor\u201d, dijo.<\/p>\n\n\n\n<p>Criti\u00f3 tambi\u00e9n al ex aliado, actual candidato a diputado de Provincias Unidas, al advertir que \u201ccuando uno pasa por la administraci\u00f3n p\u00fablica y tiene la tarea de llevar a cabo el pa\u00eds, una provincia o un municipio, se supone que uno debe aprender qu\u00e9 era la restricci\u00f3n presupuestaria\u201d.<\/p>\n\n\n\n<p>\u201cD\u00edas atr\u00e1s, Schiaretti nos criticaba por lo que est\u00e1bamos haciendo, y hac\u00eda una propuesta de gastar m\u00e1s que sonaba muy linda, pero implicaba elevar el d\u00e9ficit fiscal en 7 puntos del PBI. \u00bfCon qu\u00e9 lo vamos a financiar? \u00bfCon emisi\u00f3n monetaria, con endeudamiento?\u201c, se pregunt\u00f3 Milei.<\/p>\n\n\n\n<p>Finalizando, pidi\u00f3 \u00abromper con el c\u00edrculo de la demagogia\u00bb, cuestion\u00f3 a los sectores que \u00abse empecinan en violar sistem\u00e1ticamente la restricci\u00f3n de presupuesto\u00bb, y se mostr\u00f3 convencido de que su administraci\u00f3n continuar\u00e1 implementado reformas. \u00abEstamos confiados en que vamos a poder seguir haci\u00e9ndolas de ac\u00e1 en adelante, porque ya todos hemos visto qui\u00e9n est\u00e1 enfrente, ya hemos visto a los forajidos de vuelta. As\u00ed es que vamos a seguir trabajando por hacer una Argentina mejor, para que salgamos del populismo y salgamos adelante de una vez por todas\u00bb, cerr\u00f3.<\/p>\n\n\n\n<p>El mandatario brind\u00f3 un discurso en la Bolsa de Comercio local y a las 18 encabezar\u00e1 una actividad de campa\u00f1a con los candidatos locales de La Libertad Avanza (LLA) para las elecciones del 26 de octubre.<\/p>\n","protected":false},"excerpt":{"rendered":"<p>Desde C&oacute;rdoba, el presidente Javier Milei consider&oacute; hoy que la sociedad &laquo;va a volver a reflexionar&raquo;, y en la pr&oacute;xima elecci&oacute;n legislativa nacional del 26 de octubre, La Libertad Avanza &laquo;va a pintar de violeta al pa&iacute;s&raquo;. En su exposici&oacute;n en la Bolsa de Comercio de C&oacute;rdoba, el mandatario acus&oacute; a la oposici&oacute;n a la [&hellip;]<\/p>\n","protected":false},"author":2,"featured_media":28817,"comment_status":"closed","ping_status":"closed","sticky":false,"template":"","format":"standard","meta":{"footnotes":""},"categories":[5,176],"tags":[6827,303,1955,232,3542],"class_list":["post-28816","post","type-post","status-publish","format-standard","has-post-thumbnail","hentry","category-nacionales","category-politica","tag-bolsa-comercio","tag-cordoba","tag-elecciones","tag-javier-milei","tag-octubre"],"_links":{"self":[{"href":"https:\/\/partediario.com.ar\/index.php?rest_route=\/wp\/v2\/posts\/28816","targetHints":{"allow":["GET"]}}],"collection":[{"href":"https:\/\/partediario.com.ar\/index.php?rest_route=\/wp\/v2\/posts"}],"about":[{"href":"https:\/\/partediario.com.ar\/index.php?rest_route=\/wp\/v2\/types\/post"}],"author":[{"embeddable":true,"href":"https:\/\/partediario.com.ar\/index.php?rest_route=\/wp\/v2\/users\/2"}],"replies":[{"embeddable":true,"href":"https:\/\/partediario.com.ar\/index.php?rest_route=%2Fwp%2Fv2%2Fcomments&post=28816"}],"version-history":[{"count":1,"href":"https:\/\/partediario.com.ar\/index.php?rest_route=\/wp\/v2\/posts\/28816\/revisions"}],"predecessor-version":[{"id":28818,"href":"https:\/\/partediario.com.ar\/index.php?rest_route=\/wp\/v2\/posts\/28816\/revisions\/28818"}],"wp:featuredmedia":[{"embeddable":true,"href":"https:\/\/partediario.com.ar\/index.php?rest_route=\/wp\/v2\/media\/28817"}],"wp:attachment":[{"href":"https:\/\/partediario.com.ar\/index.php?rest_route=%2Fwp%2Fv2%2Fmedia&parent=28816"}],"wp:term":[{"taxonomy":"category","embeddable":true,"href":"https:\/\/partediario.com.ar\/index.php?rest_route=%2Fwp%2Fv2%2Fcategories&post=28816"},{"taxonomy":"post_tag","embeddable":true,"href":"https:\/\/partediario.com.ar\/index.php?rest_route=%2Fwp%2Fv2%2Ftags&post=28816"}],"curies":[{"name":"wp","href":"https:\/\/api.w.org\/{rel}","templated":true}]}}