{"id":28822,"date":"2025-09-20T12:04:23","date_gmt":"2025-09-20T15:04:23","guid":{"rendered":"https:\/\/partediario.com.ar\/?p=28822"},"modified":"2025-09-22T20:15:39","modified_gmt":"2025-09-22T23:15:39","slug":"recalde-tildo-al-gobierno-de-milei-de-cruel-cobarde-y-de-hijos-de-puta","status":"publish","type":"post","link":"https:\/\/partediario.com.ar\/?p=28822","title":{"rendered":"Recalde tild\u00f3 al gobierno de Milei de \u201ccruel, cobarde y de hijos de puta\u201d"},"content":{"rendered":"\n<h2 class=\"wp-block-heading\">La alianza peronista Fuerza Patria (FP), lanz\u00f3 la campa\u00f1a proselitista en la Ciudad de Buenos Aires con la presencia de sus candidatos m\u00e1s destacados, en un acto que se realiz\u00f3en el Aula Magna de la Facultad de Medicina de la UBA.<\/h2>\n\n\n\n<p><\/p>\n\n\n\n<figure class=\"wp-block-video\"><video height=\"406\" style=\"aspect-ratio: 720 \/ 406;\" width=\"720\" controls src=\"https:\/\/partediario.com.ar\/wp-content\/uploads\/video-12.mp4\"><\/video><\/figure>\n\n\n\n<p><\/p>\n\n\n\n<p>\u201cNuestro primer compromiso es ser la voz de los argentinos que la est\u00e1n pasando como el culo por culpa de este gobierno cruel, cobarde y de hijos de puta\u201d, destac\u00f3 el candidato a senador nacional Mariano Recalde durante el evento que se llev\u00f3 adelante desde las 18 en la casa de altos estudios.<\/p>\n\n\n\n<p>Y subray\u00f3 adem\u00e1s, que el eje de la campa\u00f1a ser\u00e1 recuperar el verdadero sentido de la libertad: \u201cVamos a recuperar esa palabra que nos quisieron robar. El peronismo es la libertad: la de tener una Patria justa, libre y soberana. No es libre un trabajador que necesita dos empleos para llegar a fin de mes, ni un jubilado que debe elegir entre comer o comprar remedios\u201d, mencion\u00f3 Recalde.<\/p>\n\n\n\n<p>Convoc\u00f3 a redoblar la militancia de cara a las elecciones: \u201cVamos a ponerle un freno a Milei. Lo hicimos en la Provincia con una elecci\u00f3n hist\u00f3rica y lo vamos a hacer el 26 de octubre en todo el pa\u00eds. Vamos a votar para ser libres de verdad\u201d.<\/p>\n\n\n\n<p>Adem\u00e1s de Recalde, Fuerza Patria lleva en CABA a como postulante a diputado nacional Itai Hagman, quien tambi\u00e9n tom\u00f3 parte en el acto que se realiz\u00f3 esta tarde en la sede de la Universidad de Buenos Aires.<\/p>\n\n\n\n<p>El encuentro tuvo como premisa alejarse de los actos partidarios tradicionales y darle voz a los \u201cverdaderos protagonistas\u201d de la lucha contra el ajuste del gobierno de Javier Milei.<\/p>\n\n\n\n<p>En este contexto, se escucharon testimonios de j\u00f3venes estudiantes, administradores de comedores populares, jubilados, becarios del Conicet y m\u00e9dicos, entre otras personas que vieron afectadas sus vidas por el modelo econ\u00f3mico de la administraci\u00f3n libertaria.<\/p>\n\n\n\n<p>El m\u00e9dico del Hospital Argerich, Gonzalo se\u00f1al\u00f3 la \u201cgrave\u201d situaci\u00f3n que atraviesa el sistema de salud p\u00fablico. Con el mismo eje, Fernando, fonoaudi\u00f3logo y director de un centro terap\u00e9utico, expuso las \u201cdificultades que enfrentan las instituciones que trabajan con ni\u00f1os y j\u00f3venes con discapacidad\u201d.<\/p>\n\n\n\n<p>De acuerdo a la informaci\u00f3n brindada por fuentes partidarias en un comunicado de prensa, la realidad social en los barrios estuvo representada por Norma, responsable de un comedor comunitario en Barrio Sald\u00edas, que describi\u00f3 \u201cel impacto del ajuste en la alimentaci\u00f3n de las familias que asisten todos los d\u00edas\u201d.<\/p>\n\n\n\n<p>La juventud tuvo su espacio tambi\u00e9n: Lucila, trabajadora en la informalidad, y Galileo, que debi\u00f3 abandonar sus estudios universitarios para priorizar un oficio, contaron c\u00f3mo \u201clas pol\u00edticas econ\u00f3micas condicionan sus proyectos de vida\u201d.<\/p>\n\n\n\n<p>Desde el sector de los jubilados, Reinaldo, que cobra la m\u00ednima y perdi\u00f3 el acceso a parte de sus medicamentos, explic\u00f3 c\u00f3mo la reducci\u00f3n en las pol\u00edticas sociales \u201cafecta a miles de adultos mayores\u201d. Finalmente, Fiorella, becaria del CONICET, se refiri\u00f3 a \u201cla situaci\u00f3n cr\u00edtica de la ciencia y la investigaci\u00f3n en el pa\u00eds\u201d.<\/p>\n\n\n\n<p>Del evento del peronismo porte\u00f1o y aliados participaron todos los postulantes de la alianza, entre ellos, los candidatos a diputados nacionales Kelly Olmos, Santiago Roberto, Luc\u00eda C\u00e1mpora y Ernesto Giacomini.<\/p>\n","protected":false},"excerpt":{"rendered":"<p>La alianza peronista Fuerza Patria (FP), lanz&oacute; la campa&ntilde;a proselitista en la Ciudad de Buenos Aires con la presencia de sus candidatos m&aacute;s destacados, en un acto que se realiz&oacute;en el Aula Magna de la Facultad de Medicina de la UBA. &ldquo;Nuestro primer compromiso es ser la voz de los argentinos que la est&aacute;n pasando [&hellip;]<\/p>\n","protected":false},"author":2,"featured_media":28823,"comment_status":"closed","ping_status":"closed","sticky":false,"template":"","format":"standard","meta":{"footnotes":""},"categories":[5,176],"tags":[6347,4090,5175],"class_list":["post-28822","post","type-post","status-publish","format-standard","has-post-thumbnail","hentry","category-nacionales","category-politica","tag-fuerza-patria","tag-lanzamiento","tag-mariano-recalde"],"_links":{"self":[{"href":"https:\/\/partediario.com.ar\/index.php?rest_route=\/wp\/v2\/posts\/28822","targetHints":{"allow":["GET"]}}],"collection":[{"href":"https:\/\/partediario.com.ar\/index.php?rest_route=\/wp\/v2\/posts"}],"about":[{"href":"https:\/\/partediario.com.ar\/index.php?rest_route=\/wp\/v2\/types\/post"}],"author":[{"embeddable":true,"href":"https:\/\/partediario.com.ar\/index.php?rest_route=\/wp\/v2\/users\/2"}],"replies":[{"embeddable":true,"href":"https:\/\/partediario.com.ar\/index.php?rest_route=%2Fwp%2Fv2%2Fcomments&post=28822"}],"version-history":[{"count":1,"href":"https:\/\/partediario.com.ar\/index.php?rest_route=\/wp\/v2\/posts\/28822\/revisions"}],"predecessor-version":[{"id":28825,"href":"https:\/\/partediario.com.ar\/index.php?rest_route=\/wp\/v2\/posts\/28822\/revisions\/28825"}],"wp:featuredmedia":[{"embeddable":true,"href":"https:\/\/partediario.com.ar\/index.php?rest_route=\/wp\/v2\/media\/28823"}],"wp:attachment":[{"href":"https:\/\/partediario.com.ar\/index.php?rest_route=%2Fwp%2Fv2%2Fmedia&parent=28822"}],"wp:term":[{"taxonomy":"category","embeddable":true,"href":"https:\/\/partediario.com.ar\/index.php?rest_route=%2Fwp%2Fv2%2Fcategories&post=28822"},{"taxonomy":"post_tag","embeddable":true,"href":"https:\/\/partediario.com.ar\/index.php?rest_route=%2Fwp%2Fv2%2Ftags&post=28822"}],"curies":[{"name":"wp","href":"https:\/\/api.w.org\/{rel}","templated":true}]}}