{"id":28826,"date":"2025-09-20T12:12:36","date_gmt":"2025-09-20T15:12:36","guid":{"rendered":"https:\/\/partediario.com.ar\/?p=28826"},"modified":"2025-09-22T20:15:36","modified_gmt":"2025-09-22T23:15:36","slug":"milei-lanzo-la-campana-para-octubre-desde-cordoba-no-se-van-a-dejar-enganar-por-un-chimentero-berreta-dijo","status":"publish","type":"post","link":"https:\/\/partediario.com.ar\/?p=28826","title":{"rendered":"Milei lanz\u00f3 la campa\u00f1a para octubre desde C\u00f3rdoba: \u00abNo se van a dejar enga\u00f1ar por un chimentero berreta\u00bb, dijo"},"content":{"rendered":"\n<h2 class=\"wp-block-heading\">El presidente Javier Milei lanz\u00f3 hoy en C\u00f3rdoba la campa\u00f1a de La libertad Avanza para las elecciones legislativas nacionales del 26 de octubre, donde inst\u00f3 al electorado que a la hora de votar no se deje llevar por \u00ablas mentiras de un chimentero berreta\u00bb.<\/h2>\n\n\n\n<p>De esa forma hizo referencia al periodista Jorge Rial, con pasado en el periodismo de espect\u00e1culos, quien fue uno de los que difundi\u00f3 en su programa de streaming los audios del ex titular de la Agencia de Discapacidad (ANDIS) Diego Spagnuolo sobre presuntas coimas en ese organismo.<\/p>\n\n\n\n<p>\u00abNo paran desde el Congreso de torpedear los logros de esta gesti\u00f3n, nuestra pol\u00edtica fiscal. Y recurren a operetas, mentiras, calumnias y difamaciones, pero tengo claro que los argentinos no se van a dejar enga\u00f1ar por un chimentero berreta. No nos vamos a dejar por las mentiras de un chimentero berreta\u00bb, se\u00f1al\u00f3 Milei.<\/p>\n\n\n\n<p>Record\u00f3 que la econom\u00eda marchaba hasta hace unos mese atr\u00e1s, pero en en ese momento \u00abel partido del Estado se asust\u00f3 porque vio como progresaban los argentinos y se dieron cuenta de que no hab\u00eda lugar para los vagos y los corruptos liderados por la chorra de la tobillera\u00bb, en referencia a la ex presidenta Cristina Kirchner.<\/p>\n\n\n\n<p>\u00abMe encanta que ahora los kukas son catadores de corrupci\u00f3n y hablan de los audios con chimentos de peluquer\u00eda e inteligencia artificial, mientras que ellos tienen a una condenada por afanar la plata de Vialidad Nacional\u00bb, continu\u00f3 Milei ante la ovaci\u00f3n de los militantes libertarios que se hicieron presentes en el Parque Sarmiento de la capital cordobesa.<\/p>\n\n\n\n<p>Y a\u00f1adi\u00f3: \u00abQuiz\u00e1s que cuando hacen el n\u00famero tres con la mano son las tres causas que le faltan (tener sentencia) Los Sauces Hotesur, Memor\u00e1ndum con Ir\u00e1n y la de los cuadernos, el choreo mas grande de la historia de la humanidad\u00bb.<\/p>\n\n\n\n<p>En otro momento de su alocuci\u00f3n, Milei lanz\u00f3 un mensaje de arenga a la militancia tras el rev\u00e9s electoral en la provincia de Buenos Aires y en medio de la inestabilidad econ\u00f3mica de los \u00faltimos d\u00edas.<\/p>\n\n\n\n<p>\u00abNo nos podemos permitir quedarnos a mitad de camino, fracasar de vuelta. No nos podemos resignar, nosotros somos la fuerza de la esperanza, les pido que no flaqueen, a no aflojar. Claro que se puede, vamos carajo\u00bb, remarc\u00f3.<\/p>\n\n\n\n<p>Acompa\u00f1aron al mandatario, el primer candidato a diputado nacional por C\u00f3rdoba de LLA, Gonzalo Roca, Karina Milei, Patricia Bullrich, Mart\u00edn Menem y Manuel Adorni.<\/p>\n","protected":false},"excerpt":{"rendered":"<p>El presidente Javier Milei lanz&oacute; hoy en C&oacute;rdoba la campa&ntilde;a de La libertad Avanza para las elecciones legislativas nacionales del 26 de octubre, donde inst&oacute; al electorado que a la hora de votar no se deje llevar por &laquo;las mentiras de un chimentero berreta&raquo;. De esa forma hizo referencia al periodista Jorge Rial, con pasado [&hellip;]<\/p>\n","protected":false},"author":2,"featured_media":28827,"comment_status":"closed","ping_status":"closed","sticky":false,"template":"","format":"standard","meta":{"footnotes":""},"categories":[5,176],"tags":[705,303,232,1032,4090],"class_list":["post-28826","post","type-post","status-publish","format-standard","has-post-thumbnail","hentry","category-nacionales","category-politica","tag-campana","tag-cordoba","tag-javier-milei","tag-la-libertad-avanza","tag-lanzamiento"],"_links":{"self":[{"href":"https:\/\/partediario.com.ar\/index.php?rest_route=\/wp\/v2\/posts\/28826","targetHints":{"allow":["GET"]}}],"collection":[{"href":"https:\/\/partediario.com.ar\/index.php?rest_route=\/wp\/v2\/posts"}],"about":[{"href":"https:\/\/partediario.com.ar\/index.php?rest_route=\/wp\/v2\/types\/post"}],"author":[{"embeddable":true,"href":"https:\/\/partediario.com.ar\/index.php?rest_route=\/wp\/v2\/users\/2"}],"replies":[{"embeddable":true,"href":"https:\/\/partediario.com.ar\/index.php?rest_route=%2Fwp%2Fv2%2Fcomments&post=28826"}],"version-history":[{"count":1,"href":"https:\/\/partediario.com.ar\/index.php?rest_route=\/wp\/v2\/posts\/28826\/revisions"}],"predecessor-version":[{"id":28828,"href":"https:\/\/partediario.com.ar\/index.php?rest_route=\/wp\/v2\/posts\/28826\/revisions\/28828"}],"wp:featuredmedia":[{"embeddable":true,"href":"https:\/\/partediario.com.ar\/index.php?rest_route=\/wp\/v2\/media\/28827"}],"wp:attachment":[{"href":"https:\/\/partediario.com.ar\/index.php?rest_route=%2Fwp%2Fv2%2Fmedia&parent=28826"}],"wp:term":[{"taxonomy":"category","embeddable":true,"href":"https:\/\/partediario.com.ar\/index.php?rest_route=%2Fwp%2Fv2%2Fcategories&post=28826"},{"taxonomy":"post_tag","embeddable":true,"href":"https:\/\/partediario.com.ar\/index.php?rest_route=%2Fwp%2Fv2%2Ftags&post=28826"}],"curies":[{"name":"wp","href":"https:\/\/api.w.org\/{rel}","templated":true}]}}