{"id":28829,"date":"2025-09-20T14:30:13","date_gmt":"2025-09-20T17:30:13","guid":{"rendered":"https:\/\/partediario.com.ar\/?p=28829"},"modified":"2025-09-22T20:15:32","modified_gmt":"2025-09-22T23:15:32","slug":"legislador-advierte-que-el-congreso-esta-votando-leyes-inviables-ponen-en-riesgo-el-programa-economico-dijo-nieri","status":"publish","type":"post","link":"https:\/\/partediario.com.ar\/?p=28829","title":{"rendered":"Legislador advierte que el Congreso est\u00e1 votando \u201cleyes inviables\u00bb: \u201cPonen en riesgo el programa econ\u00f3mico\u201d, dijo Nieri"},"content":{"rendered":"\n<h2 class=\"wp-block-heading\">El diputado nacional mendocino Lisandro Nieri (UCR), se\u00f1al\u00f3 sus controvertidas posiciones en la C\u00e1mara baja frente a distintos vetos presidenciales con impacto presupuestario.<\/h2>\n\n\n\n<p>Su voto a favor de la recomposici\u00f3n de fondos para las universidades y su ausencia en la votaci\u00f3n de la ley de emergencia pedi\u00e1trica para el Hospital Garrahan generaron interrogantes, que el legislador vincul\u00f3 a la falta de un presupuesto nacional y a la mala calidad de las leyes impulsadas por la oposici\u00f3n.<\/p>\n\n\n\n<p>\u201cLamentablemente no tenemos presupuesto. Estamos discutiendo reasignaciones de partidas y vetos. Cuando llegan al recinto, las opciones que nos ponen sobre la mesa son todas malas\u201d, explic\u00f3 Nieri.<\/p>\n\n\n\n<p>Sobre su voto positivo en la ley universitaria, aclar\u00f3 que se trat\u00f3 de un caso excepcional: \u201cNo son buenas leyes. \u00bfC\u00f3mo vamos a definir temas salariales por ley? Eso no existe. Pero tampoco es una buena opci\u00f3n seguir con el congelamiento salarial. Frente a dos alternativas malas, acompa\u00f1\u00e9 la insistencia porque al menos implicaba una recomposici\u00f3n m\u00ednima para el sistema universitario\u201d.<\/p>\n\n\n\n<p>Sobre su ausencia en la votaci\u00f3n del Garrahan,precis\u00f3 que busc\u00f3 no convalidar lo que consideraba una mala herramienta: \u201cMe ausent\u00e9 tanto en la ley como en la insistencia. Insisto, eran malas opciones. Lo mismo hice en la primera votaci\u00f3n de universidades. No se trata de desconocer la situaci\u00f3n de los hospitales pedi\u00e1tricos, que es delicada, pero no podemos seguir aprobando normas inviables que no resuelven de ra\u00edz los problemas\u201d, agreg\u00f3.<\/p>\n\n\n\n<p>Nieri record\u00f3 adem\u00e1s su voto en otros temas sensibles, como la ley sobre discapacidad, donde apoy\u00f3 el veto presidencial: \u201cCon toda la incomodidad que eso genera, acompa\u00f1\u00e9 el veto porque era una ley impracticable. No se trata de sumar m\u00e1s y m\u00e1s pensiones sin un sistema eficiente. Argentina gasta mucho en educaci\u00f3n, en salud, en discapacidad, pero no somos eficientes. Lo que falla es la asignaci\u00f3n\u201d, dijo.<\/p>\n\n\n\n<p>Paralelamente, defendi\u00f3 la alianza electoral entre la UCR mendocina y La Libertad Avanza: \u201cHace dos a\u00f1os que venimos apoyando gran parte de la agenda macroecon\u00f3mica del Gobierno porque creemos que Argentina necesita ordenamiento fiscal. Mendoza ya hizo ese camino hace una d\u00e9cada. Sab\u00edamos que no iba a ser m\u00e1gico ni r\u00e1pido, pero estamos convencidos de que sin una macro ordenada no hay salida posible\u201d, apunt\u00f3.<\/p>\n\n\n\n<p>Finalizando, Nieri cuestion\u00f3 el paquete de leyes opositoras que buscaban revertir los vetos: \u201cCada situaci\u00f3n particular es atendible -jubilados que cobran poco, hospitales pedi\u00e1tricos con dificultades, docentes con salarios atrasados- pero el combo es inviable. Apunta al coraz\u00f3n del programa econ\u00f3mico y fiscal del Gobierno. En ese sentido, es grave lo que est\u00e1 haciendo la oposici\u00f3n\u201d, cerr\u00f3.<\/p>\n","protected":false},"excerpt":{"rendered":"<p>El diputado nacional mendocino Lisandro Nieri (UCR), se&ntilde;al&oacute; sus controvertidas posiciones en la C&aacute;mara baja frente a distintos vetos presidenciales con impacto presupuestario. Su voto a favor de la recomposici&oacute;n de fondos para las universidades y su ausencia en la votaci&oacute;n de la ley de emergencia pedi&aacute;trica para el Hospital Garrahan generaron interrogantes, que el [&hellip;]<\/p>\n","protected":false},"author":2,"featured_media":28830,"comment_status":"closed","ping_status":"closed","sticky":false,"template":"","format":"standard","meta":{"footnotes":""},"categories":[5,176],"tags":[229,3664,6832,3763,3795,6833],"class_list":["post-28829","post","type-post","status-publish","format-standard","has-post-thumbnail","hentry","category-nacionales","category-politica","tag-congreso","tag-hospital-garrahan","tag-inviables","tag-ley-universitaria","tag-leyes","tag-lisandro-nieri"],"_links":{"self":[{"href":"https:\/\/partediario.com.ar\/index.php?rest_route=\/wp\/v2\/posts\/28829","targetHints":{"allow":["GET"]}}],"collection":[{"href":"https:\/\/partediario.com.ar\/index.php?rest_route=\/wp\/v2\/posts"}],"about":[{"href":"https:\/\/partediario.com.ar\/index.php?rest_route=\/wp\/v2\/types\/post"}],"author":[{"embeddable":true,"href":"https:\/\/partediario.com.ar\/index.php?rest_route=\/wp\/v2\/users\/2"}],"replies":[{"embeddable":true,"href":"https:\/\/partediario.com.ar\/index.php?rest_route=%2Fwp%2Fv2%2Fcomments&post=28829"}],"version-history":[{"count":1,"href":"https:\/\/partediario.com.ar\/index.php?rest_route=\/wp\/v2\/posts\/28829\/revisions"}],"predecessor-version":[{"id":28831,"href":"https:\/\/partediario.com.ar\/index.php?rest_route=\/wp\/v2\/posts\/28829\/revisions\/28831"}],"wp:featuredmedia":[{"embeddable":true,"href":"https:\/\/partediario.com.ar\/index.php?rest_route=\/wp\/v2\/media\/28830"}],"wp:attachment":[{"href":"https:\/\/partediario.com.ar\/index.php?rest_route=%2Fwp%2Fv2%2Fmedia&parent=28829"}],"wp:term":[{"taxonomy":"category","embeddable":true,"href":"https:\/\/partediario.com.ar\/index.php?rest_route=%2Fwp%2Fv2%2Fcategories&post=28829"},{"taxonomy":"post_tag","embeddable":true,"href":"https:\/\/partediario.com.ar\/index.php?rest_route=%2Fwp%2Fv2%2Ftags&post=28829"}],"curies":[{"name":"wp","href":"https:\/\/api.w.org\/{rel}","templated":true}]}}