{"id":2883,"date":"2024-06-19T11:19:24","date_gmt":"2024-06-19T14:19:24","guid":{"rendered":"https:\/\/partediario.com.ar\/?p=2883"},"modified":"2024-06-19T11:19:26","modified_gmt":"2024-06-19T14:19:26","slug":"parana-los-requisitos-solicitados-para-un-puesto-laboral","status":"publish","type":"post","link":"https:\/\/partediario.com.ar\/?p=2883","title":{"rendered":"Paran\u00e1: los requisitos solicitados para un puesto laboral"},"content":{"rendered":"\n<p><strong>Una empresa del Parque Industrial de Paran\u00e1 lleva a cabo una propuesta para incorporar personal. Te damos a conocer los requisitos. Ser\u00e1 por medio del programa \u00abTe Conecto\u00bb.<\/strong><\/p>\n\n\n\n<p>Una empresa radicada en el Parque Industrial de Paran\u00e1 se encuentra a la b\u00fasqueda de personal de trabajo. El acceso a la oportunidad laboral ser\u00e1 facilitada por medio del Programa \u00abTe Conecto\u00bb, que lleva adelante la Municipalidad. El perfil solicitado en esta oportunidad es un responsable de caja.<\/p>\n\n\n\n<p>La directora de Empleo y Trabajo de Paran\u00e1, Paola Barbieri, comunic\u00f3 que actualmente se realiza la postulaci\u00f3n y selecci\u00f3n de personal para una empresa del rubro metal\u00fargico, ubicada en el Parque Industrial de Paran\u00e1.<\/p>\n\n\n\n<p>Al respecto, explic\u00f3 que el perfil solicitado es un responsable de caja (puesto administrativo\/contable) y detall\u00f3 que los postulantes deben acreditar dos a\u00f1os de experiencia laboral en puestos similares (no excluyente); manejo de programas de registraci\u00f3n de compras; manejo de medios de cobros y pagos (todos los medios de pagos); atenci\u00f3n al cliente y vendedor; capacidad anal\u00edtica; manejo de archivos de documentaci\u00f3n; Excel fluido; trabajo en equipo. Adem\u00e1s se\u00f1alaron que se apreciar\u00e1 formaci\u00f3n acad\u00e9mica en el rubro.<\/p>\n\n\n\n<p><strong>Los interesados pueden inscribirse en: <\/strong><a href=\"http:\/\/docs.google.com\/forms\/d\/13nLzZ0VDloVxqbZE0H136acylA2aFq3BtjMm1i_eOyQ\/edit\">http:\/\/docs.google.com\/forms\/d\/13nLzZ0VDloVxqbZE0H136acylA2aFq3BtjMm1i_eOyQ\/edit<\/a><\/p>\n\n\n\n<p>La Municipalidad de Paran\u00e1 consolida su pol\u00edtica de formaci\u00f3n y b\u00fasqueda laboral<\/p>\n\n\n\n<p>La Direcci\u00f3n de Empleo y Trabajo, dependiente de la Subsecretar\u00eda de Producci\u00f3n, seleccion\u00f3 postulantes para entrenamientos laborales en nueve empresas de la ciudad.<\/p>\n\n\n\n<p>En total se concretaron 131 entrevistas de selecci\u00f3n para entrenamientos laborales en julio. En esta etapa, ser\u00e1n nueve empresas que entrenar\u00e1n a 23 personas, en 15 puestos.<\/p>\n\n\n\n<p>En el marco del Programa Fomentar, el entrenamiento laboral \u201ces la pr\u00e1ctica y formaci\u00f3n en un puesto de trabajo, que se complementa con el programa Te Conecto, que es municipal\u201d, indic\u00f3 el subsecretario de Producci\u00f3n, Oscar Bustamante, quien aclar\u00f3 que el Municipio se constituye como veh\u00edculo de aplicaci\u00f3n de los programas nacionales.<\/p>\n\n\n\n<p>Adem\u00e1s subray\u00f3 que hay \u201cuna excelente implementaci\u00f3n del programa y lo toman mucho las empresas debido a la calidad del proceso de preselecci\u00f3n y la selecci\u00f3n conjunta a partir de entrevistas en que el empleador participa\u00bb.<\/p>\n","protected":false},"excerpt":{"rendered":"<p>Una empresa del Parque Industrial de Paran&aacute; lleva a cabo una propuesta para incorporar personal. Te damos a conocer los requisitos. Ser&aacute; por medio del programa &laquo;Te Conecto&raquo;. Una empresa radicada en el Parque Industrial de Paran&aacute; se encuentra a la b&uacute;squeda de personal de trabajo. El acceso a la oportunidad laboral ser&aacute; facilitada por [&hellip;]<\/p>\n","protected":false},"author":2,"featured_media":2884,"comment_status":"open","ping_status":"open","sticky":false,"template":"","format":"standard","meta":{"footnotes":""},"categories":[6],"tags":[449,257,641,210,265,499,640],"class_list":["post-2883","post","type-post","status-publish","format-standard","has-post-thumbnail","hentry","category-locales","tag-busqueda","tag-entre-rios","tag-laboral","tag-municipalidad","tag-parana","tag-parque-industrial","tag-te-conecto"],"_links":{"self":[{"href":"https:\/\/partediario.com.ar\/index.php?rest_route=\/wp\/v2\/posts\/2883","targetHints":{"allow":["GET"]}}],"collection":[{"href":"https:\/\/partediario.com.ar\/index.php?rest_route=\/wp\/v2\/posts"}],"about":[{"href":"https:\/\/partediario.com.ar\/index.php?rest_route=\/wp\/v2\/types\/post"}],"author":[{"embeddable":true,"href":"https:\/\/partediario.com.ar\/index.php?rest_route=\/wp\/v2\/users\/2"}],"replies":[{"embeddable":true,"href":"https:\/\/partediario.com.ar\/index.php?rest_route=%2Fwp%2Fv2%2Fcomments&post=2883"}],"version-history":[{"count":1,"href":"https:\/\/partediario.com.ar\/index.php?rest_route=\/wp\/v2\/posts\/2883\/revisions"}],"predecessor-version":[{"id":2885,"href":"https:\/\/partediario.com.ar\/index.php?rest_route=\/wp\/v2\/posts\/2883\/revisions\/2885"}],"wp:featuredmedia":[{"embeddable":true,"href":"https:\/\/partediario.com.ar\/index.php?rest_route=\/wp\/v2\/media\/2884"}],"wp:attachment":[{"href":"https:\/\/partediario.com.ar\/index.php?rest_route=%2Fwp%2Fv2%2Fmedia&parent=2883"}],"wp:term":[{"taxonomy":"category","embeddable":true,"href":"https:\/\/partediario.com.ar\/index.php?rest_route=%2Fwp%2Fv2%2Fcategories&post=2883"},{"taxonomy":"post_tag","embeddable":true,"href":"https:\/\/partediario.com.ar\/index.php?rest_route=%2Fwp%2Fv2%2Ftags&post=2883"}],"curies":[{"name":"wp","href":"https:\/\/api.w.org\/{rel}","templated":true}]}}