{"id":28846,"date":"2025-09-22T20:14:45","date_gmt":"2025-09-22T23:14:45","guid":{"rendered":"https:\/\/partediario.com.ar\/?p=28846"},"modified":"2025-09-23T17:39:03","modified_gmt":"2025-09-23T20:39:03","slug":"el-mid-rompe-con-el-pro-y-forma-el-interbloque-desarrollo-y-coherencia-con-ex-libertarios","status":"publish","type":"post","link":"https:\/\/partediario.com.ar\/?p=28846","title":{"rendered":"El MID rompe con el PRO y forma el interbloque &#8216;Desarrollo y Coherencia&#8217; con ex libertarios"},"content":{"rendered":"\n<h2 class=\"wp-block-heading\">El bloque de diputados del MID rompi\u00f3 hoy el interbloque que hab\u00eda armado con el PRO y conform\u00f3 un nuevo espacio pol\u00edtico junto a los ex libertarios de Coherencia, quienes a fines de agosto se hab\u00edan ido de la Libertad Avanza (LLA).<\/h2>\n\n\n\n<p>El nuevo interbloque se llamar\u00e1 Desarrollo y Coherencia y lo conformar\u00e1n seis miembros: dos del MID y cuatro de Coherencia, de acuerdo a la informaci\u00f3n brindada por los legisladores en una nota enviada al presidente de la C\u00e1mara, Mart\u00edn Menem.<\/p>\n\n\n\n<p>El nuevo interbloque quedar\u00e1 integrado por los diputados del MID Oscar Zago y Eduardo Falcone, y los de Coherencia Carlos D\u2019Alessandro, Lourdes Arrieta, Gerardo Gonz\u00e1lez y Marcela Pagano.<\/p>\n\n\n\n<p>El presidente del interbloque ser\u00e1 el diputado porte\u00f1o Oscar Zago, quien hasta abril del a\u00f1o pasado presido la bancada del oficialismo.<\/p>\n\n\n\n<p>El MID resolvi\u00f3 separarse del PRO debido a las diferencias que tuvieron en los \u00faltimos meses tras el acuerdo electoral de ese partido con LLA.<\/p>\n\n\n\n<p>Incluso el MID vot\u00f3 en contra del veto del Gobierno a las las leyes del Garrahan y de presupuesto universitario, mientras el grueso del PRO lo hizo junto al oficialismo aunque tambi\u00e9n hubo divisiones en la bancada que preside Cristian Ritondo.<\/p>\n\n\n\n<p>Con esta decisi\u00f3n quedaron en funciones solo dos interbloques: Desarrollo y Coherencia y LLA, que tiene 44 miembros y integrado por la LLA, Liga del Interior y CREO.<\/p>\n\n\n\n<p>Los otros dos interbloques que se hab\u00edan conformado para aumentar sus integrantes en la comisi\u00f3n investigadora Libra tambi\u00e9n se desarmaron: uno estaba integrado por cinco legisladores de la izquierda y dos de Uni\u00f3n por la Patria (UxP), y otro con el PRO y el MID, que se desarm\u00f3 hoy.<\/p>\n\n\n\n<p>En la actualidad, la C\u00e1mara de Diputados tiene 17 bloques y 7 monobloques; la primera fuerza es UxP, con 98 miembros, y la segunda fuerza es LLA, con 37 integrantes.<\/p>\n","protected":false},"excerpt":{"rendered":"<p>El bloque de diputados del MID rompi&oacute; hoy el interbloque que hab&iacute;a armado con el PRO y conform&oacute; un nuevo espacio pol&iacute;tico junto a los ex libertarios de Coherencia, quienes a fines de agosto se hab&iacute;an ido de la Libertad Avanza (LLA). El nuevo interbloque se llamar&aacute; Desarrollo y Coherencia y lo conformar&aacute;n seis miembros: [&hellip;]<\/p>\n","protected":false},"author":2,"featured_media":28847,"comment_status":"closed","ping_status":"closed","sticky":false,"template":"","format":"standard","meta":{"footnotes":""},"categories":[5,176],"tags":[6843,6842,266,3150,2062,6841],"class_list":["post-28846","post","type-post","status-publish","format-standard","has-post-thumbnail","hentry","category-nacionales","category-politica","tag-desarrollo-y-coherencia","tag-interbloque","tag-libertad-avanza","tag-mid","tag-pro","tag-separa"],"_links":{"self":[{"href":"https:\/\/partediario.com.ar\/index.php?rest_route=\/wp\/v2\/posts\/28846","targetHints":{"allow":["GET"]}}],"collection":[{"href":"https:\/\/partediario.com.ar\/index.php?rest_route=\/wp\/v2\/posts"}],"about":[{"href":"https:\/\/partediario.com.ar\/index.php?rest_route=\/wp\/v2\/types\/post"}],"author":[{"embeddable":true,"href":"https:\/\/partediario.com.ar\/index.php?rest_route=\/wp\/v2\/users\/2"}],"replies":[{"embeddable":true,"href":"https:\/\/partediario.com.ar\/index.php?rest_route=%2Fwp%2Fv2%2Fcomments&post=28846"}],"version-history":[{"count":1,"href":"https:\/\/partediario.com.ar\/index.php?rest_route=\/wp\/v2\/posts\/28846\/revisions"}],"predecessor-version":[{"id":28848,"href":"https:\/\/partediario.com.ar\/index.php?rest_route=\/wp\/v2\/posts\/28846\/revisions\/28848"}],"wp:featuredmedia":[{"embeddable":true,"href":"https:\/\/partediario.com.ar\/index.php?rest_route=\/wp\/v2\/media\/28847"}],"wp:attachment":[{"href":"https:\/\/partediario.com.ar\/index.php?rest_route=%2Fwp%2Fv2%2Fmedia&parent=28846"}],"wp:term":[{"taxonomy":"category","embeddable":true,"href":"https:\/\/partediario.com.ar\/index.php?rest_route=%2Fwp%2Fv2%2Fcategories&post=28846"},{"taxonomy":"post_tag","embeddable":true,"href":"https:\/\/partediario.com.ar\/index.php?rest_route=%2Fwp%2Fv2%2Ftags&post=28846"}],"curies":[{"name":"wp","href":"https:\/\/api.w.org\/{rel}","templated":true}]}}