{"id":28863,"date":"2025-09-23T17:32:27","date_gmt":"2025-09-23T20:32:27","guid":{"rendered":"https:\/\/partediario.com.ar\/?p=28863"},"modified":"2025-09-24T11:37:55","modified_gmt":"2025-09-24T14:37:55","slug":"para-el-gobierno-el-campo-es-prioritario-y-lo-considero-como-aliado","status":"publish","type":"post","link":"https:\/\/partediario.com.ar\/?p=28863","title":{"rendered":"Para el Gobierno el campo es \u201cprioritario\u201d y lo consider\u00f3 como \u201caliado\u201d"},"content":{"rendered":"\n<h2 class=\"wp-block-heading\">La menci\u00f3n se da despu\u00e9s que el Ejecutivo elimin\u00f3 las retenciones hacia los granos y carnes av\u00edcolas y bovinas, buscando generar un mayor ingreso de d\u00f3lares para la econom\u00eda y como se\u00f1al al sector agroexportador para que acelere las operaciones de venta al exterior.<\/h2>\n\n\n\n<p>Pablo Lavigne, secretario de Coordinaci\u00f3n de Producci\u00f3n de la Naci\u00f3n, junto a Juan Pazo, titular de la Agencia de Recaudaci\u00f3n y Control Aduanero (ARCA), estuvieron presentes en el Seminario ACSOJA edici\u00f3n 2025, que se desarroll\u00f3 en la Bolsa de Comercio de Rosario. Particip\u00f3 adem\u00e1s Mart\u00edn Vauthier, director del Banco de Inversi\u00f3n y Comercio Exterior (BICE).<\/p>\n\n\n\n<p>Dentro del panel sobre Derechos de Exportaci\u00f3n (DEX), ambos funcionarios se\u00f1alaron que el campo tiene que funcionar como \u201cun aliado\u201d y no como \u201cenemigo\u201d del Gobierno.<\/p>\n\n\n\n<p>\u201cHay que sacarles el pie de encima\u201d, expres\u00f3 Lavigne, a lo que sum\u00f3 que el \u00fanico l\u00edmite que poseen los productores son los US$7.000 millones que se detall\u00f3 en el Bolet\u00edn Oficial.<\/p>\n\n\n\n<p>El funcionario realiz\u00f3 cr\u00edticas hacia la gesti\u00f3n anterior, comandada por Alberto Fern\u00e1ndez, la cual le entreg\u00f3 \u201cuna econom\u00eda desordenada en todos los aspectos\u201d, en donde \u201ctodos los sectores entraban a ser regulados\u201d.<\/p>\n\n\n\n<p>\u201cArgentina regulaba por la excepci\u00f3n, ten\u00eda un esquema regulatorio que era el lobby de alguien en particular\u201d, apunt\u00f3 Lavigne.<\/p>\n\n\n\n<p>\u201cEstamos intentando devolver la libertad\u201d, finaliz\u00f3 el Secretario de Producci\u00f3n.<\/p>\n\n\n\n<p>Mientras que el titular de ARCA anticip\u00f3 que el Gobierno realizar\u00e1 una reforma laboral y tributaria luego de octubre, con el objetivo de \u201cdarle m\u00e1s libertad a la gente para que pueda operar\u201d y continuar profundizando el programa econ\u00f3mico de la administraci\u00f3n libertaria.<\/p>\n\n\n\n<p>\u201cSomos un gobierno liberal que est\u00e1 para hacerle las cosas m\u00e1s f\u00e1ciles a ustedes (en relaci\u00f3n a los productores)\u201d.<\/p>\n\n\n\n<p>Adem\u00e1s a\u00f1adi\u00f3 que con las nuevas retenciones cero se va a permitir un \u201csendero de crecimiento\u201d en la econom\u00eda argentina.<\/p>\n\n\n\n<p>\u201cAnte una dificultad, este gobierno opt\u00f3 por bajar impuestos y no por por poner medidas restrictivas de la econom\u00eda\u201d, asegur\u00f3 Pazo.<\/p>\n\n\n\n<p>De cara a lo que viene para el sector, el titular de ARCA anticip\u00f3 que se est\u00e1 trabajando en un \u201csistema\u201d para \u201csimplificar las exportaciones desde planta\u201d, al igual que la implementaci\u00f3n de nueva tecnolog\u00eda para todo el sistema exportador, con el objetivo de que sea \u201cm\u00e1s sencillo y menos costoso\u201d exportar.<\/p>\n\n\n\n<p>Durante la jornada de ayer, el Gobierno confirm\u00f3 la quita de las retenciones para los granos y las carnes av\u00edcolas y bovinas hasta el 31 de octubre o hasta alcanzar las Declaraciones Juradas de Venta al Exterior (DJVE) por un total de US$7.000 millones. La intenci\u00f3n es generar una mayor oferta de d\u00f3lares y reforzar la posici\u00f3n de reservas del Banco Central (BCRA).<\/p>\n","protected":false},"excerpt":{"rendered":"<p>La menci&oacute;n se da despu&eacute;s que el Ejecutivo elimin&oacute; las retenciones hacia los granos y carnes av&iacute;colas y bovinas, buscando generar un mayor ingreso de d&oacute;lares para la econom&iacute;a y como se&ntilde;al al sector agroexportador para que acelere las operaciones de venta al exterior. Pablo Lavigne, secretario de Coordinaci&oacute;n de Producci&oacute;n de la Naci&oacute;n, junto [&hellip;]<\/p>\n","protected":false},"author":2,"featured_media":28864,"comment_status":"closed","ping_status":"closed","sticky":false,"template":"","format":"standard","meta":{"footnotes":""},"categories":[5,176],"tags":[6846,3921,2102,6847,224,2772,3926,2103],"class_list":["post-28863","post","type-post","status-publish","format-standard","has-post-thumbnail","hentry","category-nacionales","category-politica","tag-acsoja","tag-arca","tag-campo","tag-dex","tag-gobierno","tag-pablo-lavigne","tag-quita","tag-retenciones"],"_links":{"self":[{"href":"https:\/\/partediario.com.ar\/index.php?rest_route=\/wp\/v2\/posts\/28863","targetHints":{"allow":["GET"]}}],"collection":[{"href":"https:\/\/partediario.com.ar\/index.php?rest_route=\/wp\/v2\/posts"}],"about":[{"href":"https:\/\/partediario.com.ar\/index.php?rest_route=\/wp\/v2\/types\/post"}],"author":[{"embeddable":true,"href":"https:\/\/partediario.com.ar\/index.php?rest_route=\/wp\/v2\/users\/2"}],"replies":[{"embeddable":true,"href":"https:\/\/partediario.com.ar\/index.php?rest_route=%2Fwp%2Fv2%2Fcomments&post=28863"}],"version-history":[{"count":1,"href":"https:\/\/partediario.com.ar\/index.php?rest_route=\/wp\/v2\/posts\/28863\/revisions"}],"predecessor-version":[{"id":28865,"href":"https:\/\/partediario.com.ar\/index.php?rest_route=\/wp\/v2\/posts\/28863\/revisions\/28865"}],"wp:featuredmedia":[{"embeddable":true,"href":"https:\/\/partediario.com.ar\/index.php?rest_route=\/wp\/v2\/media\/28864"}],"wp:attachment":[{"href":"https:\/\/partediario.com.ar\/index.php?rest_route=%2Fwp%2Fv2%2Fmedia&parent=28863"}],"wp:term":[{"taxonomy":"category","embeddable":true,"href":"https:\/\/partediario.com.ar\/index.php?rest_route=%2Fwp%2Fv2%2Fcategories&post=28863"},{"taxonomy":"post_tag","embeddable":true,"href":"https:\/\/partediario.com.ar\/index.php?rest_route=%2Fwp%2Fv2%2Ftags&post=28863"}],"curies":[{"name":"wp","href":"https:\/\/api.w.org\/{rel}","templated":true}]}}