{"id":2889,"date":"2024-06-19T11:39:57","date_gmt":"2024-06-19T14:39:57","guid":{"rendered":"https:\/\/partediario.com.ar\/?p=2889"},"modified":"2024-06-19T11:40:02","modified_gmt":"2024-06-19T14:40:02","slug":"busqueda-de-loan-se-difundio-la-ultima-foto-del-nino-antes-de-su-desaparicion","status":"publish","type":"post","link":"https:\/\/partediario.com.ar\/?p=2889","title":{"rendered":"B\u00fasqueda de Loan: se difundi\u00f3 la \u00faltima foto del ni\u00f1o antes de su desaparici\u00f3n"},"content":{"rendered":"\n<p><strong>La detenci\u00f3n de un t\u00edo del nene de cinco a\u00f1os y una pareja amiga ser\u00e1 por un tiempo indefinido. Los tres adultos \u00ababandonaron a su suerte\u00bb al menor, indic\u00f3 el fiscal.<\/strong><\/p>\n\n\n\n<p>La mujer y los dos hombres que se encontraban demorados como presuntos responsables del abandono de Loan Danilo Pe\u00f1a, el nene de 5 a\u00f1os desaparecido desde el pasado jueves en Corrientes, quedar\u00e1n bajo prisi\u00f3n preventiva durante un tiempo indefinido. La medida fue dispuesta en el d\u00eda de ayer dado que existe \u00abriesgo a fuga y entorpecimiento a la investigaci\u00f3n\u00bb, seg\u00fan dispuso el Juzgado de Garant\u00edas de la ciudad de Goya.<\/p>\n\n\n\n<p>La Unidad Fiscal de Investigaciones Concretas, a cargo de Juan Carlos Castillo, pidi\u00f3 la medida por entender que esas personas, entre ellas un t\u00edo del menor, lo \u00ababandonaron a su suerte\u00bb, dej\u00e1ndolo \u00aben situaci\u00f3n de desamparo\u00bb, pr\u00e1cticamente en medio del campo.<\/p>\n\n\n\n<p>Los operativos de b\u00fasqueda del paradero del ni\u00f1o de apenas 5 a\u00f1os continuaron de forma intensificada a m\u00e1s de cinco d\u00edas de ser visto por \u00faltima vez, en el Paraje Algarrobal de la localidad de 9 de Julio, a unos 175 kil\u00f3metros al sur de la capital correntina.<\/p>\n\n\n\n<p>Por su parte la Justicia de Corrientes incorpor\u00f3 a la causa por la desaparici\u00f3n de Loan una fotograf\u00eda donde se lo ve almorzando junto a su familia. Esta nueva informaci\u00f3n se difundi\u00f3 pasados los cinco d\u00edas de b\u00fasqueda y horas despu\u00e9s de que Chiara, la Golden Retriever que encontr\u00f3 la zapatilla el 15 de junio, hallara una media con sangre la cual analizan para determinar si pertenece al ni\u00f1o.<\/p>\n\n\n\n<p>En la imagen, se ve al nene junto a su padre, quien lo ayudaba con la comida. Ambos estaban compartiendo el almuerzo con varios familiares. Seg\u00fan confirmaron las autoridades, este fue el \u00faltimo almuerzo de Loan Danilo Pe\u00f1a antes de desaparecer.<\/p>\n\n\n\n<p>Poco m\u00e1s de 600 de efectivos policiales y bomberos pertenecientes a varias provincias y fuerzas federales, realizaban una nueva serie de rastrillajes en un radio de varios kil\u00f3metros a la redonda de la casa de la abuela del menor, zona donde, seg\u00fan los testigos, \u00abse perdi\u00f3\u00bb despu\u00e9s de ir a buscar naranjas.<\/p>\n\n\n\n<p>Entre otras acciones recientes desagotaron pozos de agua, excavaron en un embarcadero de animales vacunos y revisaron espejos de agua siempre con el mismo resultado \u00abnegativo\u00bb, seg\u00fan precisaron desde la Polic\u00eda Correntina.<\/p>\n\n\n\n<p>El fiscal Castillo imput\u00f3 a los tres adultos la figura penal de supuesto \u00ababandono de persona\u00bb, mientras contin\u00faa la b\u00fasqueda intensificada del chico, cuyo paradero es una inc\u00f3gnita desde el jueves 13 de junio.<\/p>\n\n\n\n<p>En un comunicado oficial, el Ministerio P\u00fablico dio a conocer la medida ayer pasado el mediod\u00eda.<\/p>\n\n\n\n<p>\u00abEl fiscal que investiga la desaparici\u00f3n de Loan Danilo Pe\u00f1a en 9 de Julio formaliz\u00f3 la imputaci\u00f3n por el delito de abandono de persona al t\u00edo del ni\u00f1o, Bernardino Antonio Ben\u00edtez, y a la pareja de amigos de este, Daniel Oscar Ram\u00edrez, conocido como \u00abFierrito\u00bb, y M\u00f3nica del Carmen Millapi, a la vez que solicit\u00f3 su prisi\u00f3n preventiva sin plazo, la que fue concedida por el juez de Garant\u00edas, Lucio L\u00f3pez Lecube\u00bb.<\/p>\n\n\n\n<p>Estas tres personas fueron las que, seg\u00fan expuso el representante del Ministerio P\u00fablico Fiscal durante la audiencia de ayer pasadas las 13, llevaron \u00aba seis ni\u00f1os, entre ellos Loan, hacia una propiedad ubicada a 600 metros de la casa de Catalina Pe\u00f1a, abuela del menor que vive en Paraje Algarrobal, y donde \u00e9l estaba de visita, con el fin de recolectar y comer naranjas\u00bb, se\u00f1alaron en el comunicado.<\/p>\n\n\n\n<p>\u00abUna media hora m\u00e1s tarde, los imputados quienes deb\u00edan cuidar de los menores que ten\u00edan a su cargo, abandonaron a su suerte a Loan coloc\u00e1ndolo en situaci\u00f3n de desamparo, ya que no pudo valerse por s\u00ed mismo en el medio que se encontraba\u00bb, agreg\u00f3 Castillo.<\/p>\n\n\n\n<p>Antes de la formalizaci\u00f3n de la medida de prisi\u00f3n preventiva, el fiscal dijo a la prensa tener indicios de que \u00abel ni\u00f1o se perdi\u00f3 en el monte, pero no descartamos que pueda haber pasado otra cosa. Estamos haciendo todo lo que se pueda, analizamos toda la informaci\u00f3n que tenemos. Es una investigaci\u00f3n amplia y compleja\u00bb.<\/p>\n","protected":false},"excerpt":{"rendered":"<p>La detenci&oacute;n de un t&iacute;o del nene de cinco a&ntilde;os y una pareja amiga ser&aacute; por un tiempo indefinido. Los tres adultos &laquo;abandonaron a su suerte&raquo; al menor, indic&oacute; el fiscal. La mujer y los dos hombres que se encontraban demorados como presuntos responsables del abandono de Loan Danilo Pe&ntilde;a, el nene de 5 a&ntilde;os [&hellip;]<\/p>\n","protected":false},"author":2,"featured_media":2890,"comment_status":"open","ping_status":"open","sticky":false,"template":"","format":"standard","meta":{"footnotes":""},"categories":[5,7],"tags":[449,448,647,648,489],"class_list":["post-2889","post","type-post","status-publish","format-standard","has-post-thumbnail","hentry","category-nacionales","category-policiales","tag-busqueda","tag-corrientes","tag-foto","tag-juan-carlos-castillo","tag-loan-danilo-pena"],"_links":{"self":[{"href":"https:\/\/partediario.com.ar\/index.php?rest_route=\/wp\/v2\/posts\/2889","targetHints":{"allow":["GET"]}}],"collection":[{"href":"https:\/\/partediario.com.ar\/index.php?rest_route=\/wp\/v2\/posts"}],"about":[{"href":"https:\/\/partediario.com.ar\/index.php?rest_route=\/wp\/v2\/types\/post"}],"author":[{"embeddable":true,"href":"https:\/\/partediario.com.ar\/index.php?rest_route=\/wp\/v2\/users\/2"}],"replies":[{"embeddable":true,"href":"https:\/\/partediario.com.ar\/index.php?rest_route=%2Fwp%2Fv2%2Fcomments&post=2889"}],"version-history":[{"count":1,"href":"https:\/\/partediario.com.ar\/index.php?rest_route=\/wp\/v2\/posts\/2889\/revisions"}],"predecessor-version":[{"id":2891,"href":"https:\/\/partediario.com.ar\/index.php?rest_route=\/wp\/v2\/posts\/2889\/revisions\/2891"}],"wp:featuredmedia":[{"embeddable":true,"href":"https:\/\/partediario.com.ar\/index.php?rest_route=\/wp\/v2\/media\/2890"}],"wp:attachment":[{"href":"https:\/\/partediario.com.ar\/index.php?rest_route=%2Fwp%2Fv2%2Fmedia&parent=2889"}],"wp:term":[{"taxonomy":"category","embeddable":true,"href":"https:\/\/partediario.com.ar\/index.php?rest_route=%2Fwp%2Fv2%2Fcategories&post=2889"},{"taxonomy":"post_tag","embeddable":true,"href":"https:\/\/partediario.com.ar\/index.php?rest_route=%2Fwp%2Fv2%2Ftags&post=2889"}],"curies":[{"name":"wp","href":"https:\/\/api.w.org\/{rel}","templated":true}]}}