{"id":28893,"date":"2025-09-24T18:30:54","date_gmt":"2025-09-24T21:30:54","guid":{"rendered":"https:\/\/partediario.com.ar\/?p=28893"},"modified":"2025-09-25T17:59:06","modified_gmt":"2025-09-25T20:59:06","slug":"allanan-osprera-y-buscan-datos-de-la-drogueria-suizo-argentina","status":"publish","type":"post","link":"https:\/\/partediario.com.ar\/?p=28893","title":{"rendered":"Allanan Osprera y buscan datos de la droguer\u00eda Suizo Argentina"},"content":{"rendered":"\n<h2 class=\"wp-block-heading\">La Justicia federal orden\u00f3 este mi\u00e9rcoles una serie de allanamientos en la sede de la obra social del gremio de empleados rurales (Osprera) y en las oficinas de la Superintendencia de Salud (SSS), en el marco de la causa que investiga la intervenci\u00f3n de esa entidad. La orden del juez Sebasti\u00e1n Casanello busca secuestrar documentaci\u00f3n vinculada a los contratos con la droguer\u00eda Suizo Argentina.<\/h2>\n\n\n\n<p>El operativo estuvo a cargo de la Polic\u00eda Federal, y se centr\u00f3 en la sede de Osprera en la calle Reconquista al 600. El objetivo es recabar pruebas sobre la relaci\u00f3n comercial con la droguer\u00eda, que en los primeros cinco meses de la intervenci\u00f3n dispuesta por el Gobierno recibi\u00f3 \u00f3rdenes de pago por m\u00e1s de $7.700 millones. Una auditor\u00eda previa hab\u00eda revelado que Osprera ya le deb\u00eda a Suizo Argentina m\u00e1s de $3.000 millones.<\/p>\n\n\n\n<p>La investigaci\u00f3n, a cargo del fiscal Guillermo Mariju\u00e1n, comenz\u00f3 por una denuncia del titular de la Uatre, Jos\u00e9 Voytenco, contra sus rivales internos. Hace dos semanas, el fiscal hab\u00eda solicitado la indagatoria del secretario de Trabajo, Julio Cordero, del interventor en Osprera, Marcelo Petroni, y del diputado Pablo Ansaloni, entre otros.<\/p>\n\n\n\n<p>La causa, que se encuentra bajo secreto de sumario, avanza sobre el an\u00e1lisis de los v\u00ednculos entre los implicados. Una pericia al tel\u00e9fono del interventor Petroni revel\u00f3 siete comunicaciones con el secretario de Trabajo Cordero y mensajes de WhatsApp que evidencian una relaci\u00f3n de confianza.<\/p>\n\n\n\n<p>El peritaje expuso adem\u00e1s el estrecho v\u00ednculo entre Petroni y Eduardo \u201cLule\u201d Menem. En un mensaje a un empleado de la Secretar\u00eda de Trabajo, el interventor afirm\u00f3: \u201cNosotros somos Lule y Karina\u201d. En otras conversaciones, Petroni mencion\u00f3 haberse reunido con Cordero, el ministro de Salud Mario Lugones, y con Mart\u00edn Menem en la Casa Rosada. El juez Casanello aguarda el resultado de estas medidas para resolver los pedidos de indagatoria.<\/p>\n","protected":false},"excerpt":{"rendered":"<p>La Justicia federal orden&oacute; este mi&eacute;rcoles una serie de allanamientos en la sede de la obra social del gremio de empleados rurales (Osprera) y en las oficinas de la Superintendencia de Salud (SSS), en el marco de la causa que investiga la intervenci&oacute;n de esa entidad. La orden del juez Sebasti&aacute;n Casanello busca secuestrar documentaci&oacute;n [&hellip;]<\/p>\n","protected":false},"author":2,"featured_media":28894,"comment_status":"closed","ping_status":"closed","sticky":false,"template":"","format":"standard","meta":{"footnotes":""},"categories":[978,979,5],"tags":[439,6664,3959,5192,6862,5194,5191,6285,6861,397,6663],"class_list":["post-28893","post","type-post","status-publish","format-standard","has-post-thumbnail","hentry","category-gremiales","category-judiciales","category-nacionales","tag-allanamiento","tag-drogueria","tag-guillermo-marijuan","tag-jose-voytenco","tag-julio-cordero","tag-marcelo-petroni","tag-osprera","tag-pablo-ansaloni","tag-sebastian-csanello","tag-sede","tag-suizo-argentina"],"_links":{"self":[{"href":"https:\/\/partediario.com.ar\/index.php?rest_route=\/wp\/v2\/posts\/28893","targetHints":{"allow":["GET"]}}],"collection":[{"href":"https:\/\/partediario.com.ar\/index.php?rest_route=\/wp\/v2\/posts"}],"about":[{"href":"https:\/\/partediario.com.ar\/index.php?rest_route=\/wp\/v2\/types\/post"}],"author":[{"embeddable":true,"href":"https:\/\/partediario.com.ar\/index.php?rest_route=\/wp\/v2\/users\/2"}],"replies":[{"embeddable":true,"href":"https:\/\/partediario.com.ar\/index.php?rest_route=%2Fwp%2Fv2%2Fcomments&post=28893"}],"version-history":[{"count":1,"href":"https:\/\/partediario.com.ar\/index.php?rest_route=\/wp\/v2\/posts\/28893\/revisions"}],"predecessor-version":[{"id":28895,"href":"https:\/\/partediario.com.ar\/index.php?rest_route=\/wp\/v2\/posts\/28893\/revisions\/28895"}],"wp:featuredmedia":[{"embeddable":true,"href":"https:\/\/partediario.com.ar\/index.php?rest_route=\/wp\/v2\/media\/28894"}],"wp:attachment":[{"href":"https:\/\/partediario.com.ar\/index.php?rest_route=%2Fwp%2Fv2%2Fmedia&parent=28893"}],"wp:term":[{"taxonomy":"category","embeddable":true,"href":"https:\/\/partediario.com.ar\/index.php?rest_route=%2Fwp%2Fv2%2Fcategories&post=28893"},{"taxonomy":"post_tag","embeddable":true,"href":"https:\/\/partediario.com.ar\/index.php?rest_route=%2Fwp%2Fv2%2Ftags&post=28893"}],"curies":[{"name":"wp","href":"https:\/\/api.w.org\/{rel}","templated":true}]}}