{"id":28907,"date":"2025-09-25T17:41:08","date_gmt":"2025-09-25T20:41:08","guid":{"rendered":"https:\/\/partediario.com.ar\/?p=28907"},"modified":"2025-09-26T16:47:46","modified_gmt":"2025-09-26T19:47:46","slug":"los-servicios-publicos-se-incrementaron-tres-veces-mas-que-la-inflacion-en-menos-de-dos-anos","status":"publish","type":"post","link":"https:\/\/partediario.com.ar\/?p=28907","title":{"rendered":"Los servicios p\u00fablicos se incrementaron tres veces m\u00e1s que la inflaci\u00f3n en menos de dos a\u00f1os"},"content":{"rendered":"\n<h2 class=\"wp-block-heading\">A pesar de haber bajado 7,7% mensual frente a agosto, la canasta de servicios p\u00fablicos del \u00c1rea Metropolitana de Buenos Aires (AMBA) aument\u00f3 tres veces m\u00e1s que la inflaci\u00f3n en menos de dos a\u00f1os, desde diciembre de 2023 hasta septiembre de 2025.<\/h2>\n\n\n\n<p>El dato se desprende de un reporte mensual elaborado por el Observatorio de Tarifas y Subsidios del IIEP, dependiente de la Facultad de Ciencias Econ\u00f3micas de la UBA.<\/p>\n\n\n\n<p>Desde la asunci\u00f3n del gobierno de Javier Milei, la canasta que contempla las necesidades energ\u00e9ticas, de transporte y de agua potable en el hogar se increment\u00f3 un 526%, mientras que el \u00cdndice de Precios al Consumidor (IPC) lo hizo en 164%.<\/p>\n\n\n\n<p>Adem\u00e1s, en lo que va del a\u00f1o la canasta acumula un aumento del 24% mientras que la inflaci\u00f3n acumulada es del 21%.<\/p>\n\n\n\n<p>El informe se\u00f1ala que durante el presente mes de septiembre, un hogar promedio del AMBA, sin subsidios, gasta $173.625 para cubrir sus necesidades de servicios p\u00fablicos.<\/p>\n\n\n\n<p><\/p>\n\n\n\n<figure class=\"wp-block-image size-large\"><img loading=\"lazy\" decoding=\"async\" width=\"1280\" height=\"651\" src=\"https:\/\/partediario.com.ar\/wp-content\/uploads\/1-1024x521.webp\" alt=\"\" class=\"wp-image-28908\" srcset=\"https:\/\/partediario.com.ar\/wp-content\/uploads\/1-1024x521.webp 1024w, https:\/\/partediario.com.ar\/wp-content\/uploads\/1-300x153.webp 300w, https:\/\/partediario.com.ar\/wp-content\/uploads\/1-768x391.webp 768w, https:\/\/partediario.com.ar\/wp-content\/uploads\/1.webp 1280w\" sizes=\"auto, (max-width: 1280px) 100vw, 1280px\" \/><\/figure>\n\n\n\n<p><\/p>\n\n\n\n<p>En la desagregaci\u00f3n por servicio, el incremento interanual m\u00e1s importante fue en la factura de transporte, al aumentar 33% con respecto a septiembre del a\u00f1o anterior, pasando de $56.228 a $74.692.<\/p>\n\n\n\n<p>El agua hizo lo mismo en un 23%, y la factura pas\u00f3 de $24.762 a $30.466. El gasto en energ\u00eda el\u00e9ctrica se increment\u00f3 un 18% ($28.544 a $33.703) mientras que el gas natural subi\u00f3 23% ($28.342 a $34.765).<\/p>\n\n\n\n<p>El gasto en transporte aport\u00f3 13 puntos porcentuales (p.p.) de los 26 totales del incremento interanual, mientras que el gasto en energ\u00eda el\u00e9ctrica y agua aportaron 4 p.p. cada uno y el gas los 5 p.p. restantes.<\/p>\n\n\n\n<p>El inform\u00e9 detall\u00f3 que en los hogares del AMBA se pagan tarifas de servicios p\u00fablicos que \u201ccubren el 50% de los costos, en promedio, y, por lo tanto, el Estado se hace cargo del 50% restante\u201d, aunque explic\u00f3 que esa cobertura \u201ces dispar entre segmentos de hogares y entre servicios\u201d.<\/p>\n\n\n\n<p>A su vez, el reporte mensual precis\u00f3 el peso de las tarifas sobre los sueldos, afirmando que la canasta de servicios representa el 11,1% del salario promedio registrado estimado del mes ($1.564.013), \u201co bien, con un salario alcanza para comprar 9 canastas de servicios p\u00fablicos (vs 7,8 en septiembre de 2024)\u201d, se\u00f1al\u00f3 el informe.<\/p>\n\n\n\n<p>Finalizando, especific\u00f3 que el gasto en transporte representa el 43% del gasto y es \u201cel doble que el peso de cualquiera de los restantes servicios sobre el salario\u201d.<\/p>\n","protected":false},"excerpt":{"rendered":"<p>A pesar de haber bajado 7,7% mensual frente a agosto, la canasta de servicios p&uacute;blicos del &Aacute;rea Metropolitana de Buenos Aires (AMBA) aument&oacute; tres veces m&aacute;s que la inflaci&oacute;n en menos de dos a&ntilde;os, desde diciembre de 2023 hasta septiembre de 2025. El dato se desprende de un reporte mensual elaborado por el Observatorio de [&hellip;]<\/p>\n","protected":false},"author":2,"featured_media":28909,"comment_status":"closed","ping_status":"closed","sticky":false,"template":"","format":"standard","meta":{"footnotes":""},"categories":[5,176],"tags":[2186,622,2389,2031,4692,3352],"class_list":["post-28907","post","type-post","status-publish","format-standard","has-post-thumbnail","hentry","category-nacionales","category-politica","tag-amba","tag-aumento","tag-incremento","tag-publicos","tag-servicios","tag-uba"],"_links":{"self":[{"href":"https:\/\/partediario.com.ar\/index.php?rest_route=\/wp\/v2\/posts\/28907","targetHints":{"allow":["GET"]}}],"collection":[{"href":"https:\/\/partediario.com.ar\/index.php?rest_route=\/wp\/v2\/posts"}],"about":[{"href":"https:\/\/partediario.com.ar\/index.php?rest_route=\/wp\/v2\/types\/post"}],"author":[{"embeddable":true,"href":"https:\/\/partediario.com.ar\/index.php?rest_route=\/wp\/v2\/users\/2"}],"replies":[{"embeddable":true,"href":"https:\/\/partediario.com.ar\/index.php?rest_route=%2Fwp%2Fv2%2Fcomments&post=28907"}],"version-history":[{"count":1,"href":"https:\/\/partediario.com.ar\/index.php?rest_route=\/wp\/v2\/posts\/28907\/revisions"}],"predecessor-version":[{"id":28910,"href":"https:\/\/partediario.com.ar\/index.php?rest_route=\/wp\/v2\/posts\/28907\/revisions\/28910"}],"wp:featuredmedia":[{"embeddable":true,"href":"https:\/\/partediario.com.ar\/index.php?rest_route=\/wp\/v2\/media\/28909"}],"wp:attachment":[{"href":"https:\/\/partediario.com.ar\/index.php?rest_route=%2Fwp%2Fv2%2Fmedia&parent=28907"}],"wp:term":[{"taxonomy":"category","embeddable":true,"href":"https:\/\/partediario.com.ar\/index.php?rest_route=%2Fwp%2Fv2%2Fcategories&post=28907"},{"taxonomy":"post_tag","embeddable":true,"href":"https:\/\/partediario.com.ar\/index.php?rest_route=%2Fwp%2Fv2%2Ftags&post=28907"}],"curies":[{"name":"wp","href":"https:\/\/api.w.org\/{rel}","templated":true}]}}