{"id":28920,"date":"2025-09-25T17:58:16","date_gmt":"2025-09-25T20:58:16","guid":{"rendered":"https:\/\/partediario.com.ar\/?p=28920"},"modified":"2025-09-26T16:47:36","modified_gmt":"2025-09-26T19:47:36","slug":"guillermo-francella-podria-no-presentarse-en-la-entrega-de-los-martin-fierro-de-television-por-temor-a-los-abucheos","status":"publish","type":"post","link":"https:\/\/partediario.com.ar\/?p=28920","title":{"rendered":"Guillermo Francella podr\u00eda no presentarse en la entrega de los Mart\u00edn Fierro de Televisi\u00f3n por \u201ctemor\u201d a los \u201cabucheos\u201d"},"content":{"rendered":"\n<h2 class=\"wp-block-heading\">Luego de las pol\u00e9micas declaraciones de Guillermo Francella sobre el cine de autor, en medio del desfinanciamiento del INCAA, el actor habr\u00eda puesto en duda su presencia en los premios Mart\u00edn Fierro de Televisi\u00f3n, por supuesto miedo a ser abucheado por sus colegas.<\/h2>\n\n\n\n<p>En su emisi\u00f3n vespertina diaria en el programa Intrusos -Am\u00e9rica-, la periodista Marcela Tauro hizo referencia a la gala que se llevar\u00e1 adelante el pr\u00f3ximo lunes 29 de septiembre y premiar\u00e1 a lo mejor de la pantalla chica: \u201cNo s\u00e9 si Francella va\u201d.<\/p>\n\n\n\n<p>Luego del comentario, la comunicadora fue consultada por los motivos de la duda y se\u00f1al\u00f3: \u201cPorque tendr\u00eda un poco de miedo de los colegas\u201d. As\u00ed que Rodrigo Lussich repregunt\u00f3: \u201c\u00bfA alg\u00fan abucheo?\u201d, a lo que la panelista asinti\u00f3 con firmeza y a\u00f1adi\u00f3: \u201cQuiz\u00e1s, -Luis- Ventura -presidente de APTRA- lo convenci\u00f3\u201d.<\/p>\n\n\n\n<p>El actor, que est\u00e1 nominado por su protag\u00f3nico en \u00abEl Encargado\u00bb, anteriormente expres\u00f3 que \u201chay cine que le da la espalda al p\u00fablico\u201d por su estilo y que eso genera que \u201cvayan cuatro personas\u201d a ver la pel\u00edcula, al tiempo que diferenci\u00f3 \u00e9sta expresi\u00f3n art\u00edstica de \u201clo popular\u201d.<\/p>\n","protected":false},"excerpt":{"rendered":"<p>Luego de las pol&eacute;micas declaraciones de Guillermo Francella sobre el cine de autor, en medio del desfinanciamiento del INCAA, el actor habr&iacute;a puesto en duda su presencia en los premios Mart&iacute;n Fierro de Televisi&oacute;n, por supuesto miedo a ser abucheado por sus colegas. En su emisi&oacute;n vespertina diaria en el programa Intrusos -Am&eacute;rica-, la periodista [&hellip;]<\/p>\n","protected":false},"author":2,"featured_media":28921,"comment_status":"closed","ping_status":"closed","sticky":false,"template":"","format":"standard","meta":{"footnotes":""},"categories":[4329,5,726],"tags":[414,6876,4244,6877],"class_list":["post-28920","post","type-post","status-publish","format-standard","has-post-thumbnail","hentry","category-espectaculos","category-nacionales","category-sociedad","tag-entrega","tag-guillermo-francella","tag-incaa","tag-martin-fierro"],"_links":{"self":[{"href":"https:\/\/partediario.com.ar\/index.php?rest_route=\/wp\/v2\/posts\/28920","targetHints":{"allow":["GET"]}}],"collection":[{"href":"https:\/\/partediario.com.ar\/index.php?rest_route=\/wp\/v2\/posts"}],"about":[{"href":"https:\/\/partediario.com.ar\/index.php?rest_route=\/wp\/v2\/types\/post"}],"author":[{"embeddable":true,"href":"https:\/\/partediario.com.ar\/index.php?rest_route=\/wp\/v2\/users\/2"}],"replies":[{"embeddable":true,"href":"https:\/\/partediario.com.ar\/index.php?rest_route=%2Fwp%2Fv2%2Fcomments&post=28920"}],"version-history":[{"count":1,"href":"https:\/\/partediario.com.ar\/index.php?rest_route=\/wp\/v2\/posts\/28920\/revisions"}],"predecessor-version":[{"id":28922,"href":"https:\/\/partediario.com.ar\/index.php?rest_route=\/wp\/v2\/posts\/28920\/revisions\/28922"}],"wp:featuredmedia":[{"embeddable":true,"href":"https:\/\/partediario.com.ar\/index.php?rest_route=\/wp\/v2\/media\/28921"}],"wp:attachment":[{"href":"https:\/\/partediario.com.ar\/index.php?rest_route=%2Fwp%2Fv2%2Fmedia&parent=28920"}],"wp:term":[{"taxonomy":"category","embeddable":true,"href":"https:\/\/partediario.com.ar\/index.php?rest_route=%2Fwp%2Fv2%2Fcategories&post=28920"},{"taxonomy":"post_tag","embeddable":true,"href":"https:\/\/partediario.com.ar\/index.php?rest_route=%2Fwp%2Fv2%2Ftags&post=28920"}],"curies":[{"name":"wp","href":"https:\/\/api.w.org\/{rel}","templated":true}]}}