{"id":28924,"date":"2025-09-26T16:19:33","date_gmt":"2025-09-26T19:19:33","guid":{"rendered":"https:\/\/partediario.com.ar\/?p=28924"},"modified":"2025-09-29T08:47:14","modified_gmt":"2025-09-29T11:47:14","slug":"diputados-radicales-ponderan-la-reduccion-de-pobreza-pero-reclaman-reformas-estructurales","status":"publish","type":"post","link":"https:\/\/partediario.com.ar\/?p=28924","title":{"rendered":"Diputados radicales ponderan la reducci\u00f3n de pobreza pero reclaman reformas estructurales"},"content":{"rendered":"\n<h2 class=\"wp-block-heading\">El diputado radical mendocino Lisandro Nieri destac\u00f3 hoy la reducci\u00f3n de la pobreza e indigencia que anunci\u00f3 el Indec pero expres\u00f3 que a\u00fan se trata de \u00edndices \u201cvergonzosos\u00bb.<\/h2>\n\n\n\n<p>El Indec dio a conocer que la pobreza baj\u00f3 6,5 puntos porcentuales en el primer semestre del a\u00f1o, respecto del anterior, y alcanz\u00f3 a 31,6% de las personas.<\/p>\n\n\n\n<p><\/p>\n\n\n\n<blockquote class=\"twitter-tweet\"><p lang=\"es\" dir=\"ltr\">Pobreza e Indigencia en los niveles m\u00e1s bajos de los \u00faltimos 7 a\u00f1os.<br><br>Ordenar la macro sirve: menos inflaci\u00f3n es menos pobreza. <br>Falta much\u00edsimo. Los niveles actuales siguen siendo vergonzosos. Hay que mejorar productividad, salarios, crecer. <br>Pero este es el camino. <a href=\"https:\/\/t.co\/Yshm1srxNq\">pic.twitter.com\/Yshm1srxNq<\/a><\/p>&mdash; Lisandro Nieri (@LisandroNieri) <a href=\"https:\/\/twitter.com\/LisandroNieri\/status\/1971293507433480556?ref_src=twsrc%5Etfw\">September 25, 2025<\/a><\/blockquote> <script async src=\"https:\/\/platform.twitter.com\/widgets.js\" charset=\"utf-8\"><\/script>\n\n\n\n<p><\/p>\n\n\n\n<p>\u201cPobreza e Indigencia en los niveles m\u00e1s bajos de los \u00faltimos 7 a\u00f1os. Ordenar la macro sirve: menos inflaci\u00f3n es menos pobreza. Falta much\u00edsimo\u201d, public\u00f3 Nieri en la red social X.<\/p>\n\n\n\n<p>Y a\u00f1adi\u00f3 que \u201clos niveles actuales siguen siendo vergonzosos. Hay que mejorar productividad, salarios, crecer. Pero este es el camino\u201d.<\/p>\n\n\n\n<p>Mientras que la diputada de la UCR, Pamela Verasay, quien es candidata a su reelecci\u00f3n por Mendoza, indic\u00f3 que \u201cla pobreza es una de las peores consecuencias de las malas pol\u00edticas del populismo. Hoy ese flagelo empieza a corregirse\u201d<\/p>\n\n\n\n<p>\u00abHay que trabajar en las reformas estructurales que permitan a la Argentina iniciar el camino del desarrollo. No es f\u00e1cil, pero nuestro pa\u00eds puede salir de una vez por todas de la decadencia, apunt\u00f3.\u00bb<\/p>\n\n\n\n<p>Los legisladores de la UCR responden al gobernador Alfredo Cornejo, quien acord\u00f3 una alianza electoral con la Libertad Avanza (LLA) para las elecciones del 26 de octubre.<\/p>\n","protected":false},"excerpt":{"rendered":"<p>El diputado radical mendocino Lisandro Nieri destac&oacute; hoy la reducci&oacute;n de la pobreza e indigencia que anunci&oacute; el Indec pero expres&oacute; que a&uacute;n se trata de &iacute;ndices &ldquo;vergonzosos&raquo;. El Indec dio a conocer que la pobreza baj&oacute; 6,5 puntos porcentuales en el primer semestre del a&ntilde;o, respecto del anterior, y alcanz&oacute; a 31,6% de las [&hellip;]<\/p>\n","protected":false},"author":2,"featured_media":28925,"comment_status":"closed","ping_status":"closed","sticky":false,"template":"","format":"standard","meta":{"footnotes":""},"categories":[5,176],"tags":[310,6833,722,1930,3412,6878],"class_list":["post-28924","post","type-post","status-publish","format-standard","has-post-thumbnail","hentry","category-nacionales","category-politica","tag-diputados","tag-lisandro-nieri","tag-pobreza","tag-radicales","tag-reduccion","tag-reformas"],"_links":{"self":[{"href":"https:\/\/partediario.com.ar\/index.php?rest_route=\/wp\/v2\/posts\/28924","targetHints":{"allow":["GET"]}}],"collection":[{"href":"https:\/\/partediario.com.ar\/index.php?rest_route=\/wp\/v2\/posts"}],"about":[{"href":"https:\/\/partediario.com.ar\/index.php?rest_route=\/wp\/v2\/types\/post"}],"author":[{"embeddable":true,"href":"https:\/\/partediario.com.ar\/index.php?rest_route=\/wp\/v2\/users\/2"}],"replies":[{"embeddable":true,"href":"https:\/\/partediario.com.ar\/index.php?rest_route=%2Fwp%2Fv2%2Fcomments&post=28924"}],"version-history":[{"count":1,"href":"https:\/\/partediario.com.ar\/index.php?rest_route=\/wp\/v2\/posts\/28924\/revisions"}],"predecessor-version":[{"id":28926,"href":"https:\/\/partediario.com.ar\/index.php?rest_route=\/wp\/v2\/posts\/28924\/revisions\/28926"}],"wp:featuredmedia":[{"embeddable":true,"href":"https:\/\/partediario.com.ar\/index.php?rest_route=\/wp\/v2\/media\/28925"}],"wp:attachment":[{"href":"https:\/\/partediario.com.ar\/index.php?rest_route=%2Fwp%2Fv2%2Fmedia&parent=28924"}],"wp:term":[{"taxonomy":"category","embeddable":true,"href":"https:\/\/partediario.com.ar\/index.php?rest_route=%2Fwp%2Fv2%2Fcategories&post=28924"},{"taxonomy":"post_tag","embeddable":true,"href":"https:\/\/partediario.com.ar\/index.php?rest_route=%2Fwp%2Fv2%2Ftags&post=28924"}],"curies":[{"name":"wp","href":"https:\/\/api.w.org\/{rel}","templated":true}]}}