{"id":28936,"date":"2025-09-26T16:47:17","date_gmt":"2025-09-26T19:47:17","guid":{"rendered":"https:\/\/partediario.com.ar\/?p=28936"},"modified":"2025-09-26T16:47:17","modified_gmt":"2025-09-26T19:47:17","slug":"el-gobierno-municipal-de-santa-elena-acompanan-y-celebran-el-compromiso-con-el-deporte","status":"publish","type":"post","link":"https:\/\/partediario.com.ar\/?p=28936","title":{"rendered":"El Gobierno Municipal de Santa Elena acompa\u00f1an y celebran el compromiso con el deporte"},"content":{"rendered":"\n<h2 class=\"wp-block-heading\">A trav\u00e9s de la Coordinaci\u00f3n de Deportes y con el acompa\u00f1amiento del Bloque de Concejales M\u00e1s para Santa Elena, el Gobierno Municipal distingui\u00f3 a j\u00f3venes deportistas.<\/h2>\n\n\n\n<p>En esta oportunidad se trat\u00f3 de las categor\u00edas U13 Femenino y U11 Masculino de Club Progreso Social y Deportivo, por sus destacados logros deportivos. Un reconocimiento al esfuerzo, la dedicaci\u00f3n y el compromiso que representan con orgullo a nuestra ciudad.<\/p>\n\n\n\n<p><\/p>\n\n\n\n<figure class=\"wp-block-image size-large\"><img loading=\"lazy\" decoding=\"async\" width=\"768\" height=\"1024\" src=\"https:\/\/partediario.com.ar\/wp-content\/uploads\/553682530_1224127493092337_2404449161490590250_n-768x1024.jpg\" alt=\"\" class=\"wp-image-28937\" srcset=\"https:\/\/partediario.com.ar\/wp-content\/uploads\/553682530_1224127493092337_2404449161490590250_n-768x1024.jpg 768w, https:\/\/partediario.com.ar\/wp-content\/uploads\/553682530_1224127493092337_2404449161490590250_n-225x300.jpg 225w, https:\/\/partediario.com.ar\/wp-content\/uploads\/553682530_1224127493092337_2404449161490590250_n.jpg 900w\" sizes=\"auto, (max-width: 768px) 100vw, 768px\" \/><\/figure>\n\n\n\n<p><\/p>\n\n\n\n<figure class=\"wp-block-image size-large\"><img loading=\"lazy\" decoding=\"async\" width=\"768\" height=\"1024\" src=\"https:\/\/partediario.com.ar\/wp-content\/uploads\/554979668_1224127733092313_1122250584449970465_n-768x1024.jpg\" alt=\"\" class=\"wp-image-28939\" srcset=\"https:\/\/partediario.com.ar\/wp-content\/uploads\/554979668_1224127733092313_1122250584449970465_n-768x1024.jpg 768w, https:\/\/partediario.com.ar\/wp-content\/uploads\/554979668_1224127733092313_1122250584449970465_n-225x300.jpg 225w, https:\/\/partediario.com.ar\/wp-content\/uploads\/554979668_1224127733092313_1122250584449970465_n.jpg 900w\" sizes=\"auto, (max-width: 768px) 100vw, 768px\" \/><\/figure>\n\n\n\n<p><\/p>\n\n\n\n<figure class=\"wp-block-image size-full\"><img loading=\"lazy\" decoding=\"async\" width=\"800\" height=\"600\" src=\"https:\/\/partediario.com.ar\/wp-content\/uploads\/554998329_1224127653092321_6968481216129417460_n.jpg\" alt=\"\" class=\"wp-image-28940\" srcset=\"https:\/\/partediario.com.ar\/wp-content\/uploads\/554998329_1224127653092321_6968481216129417460_n.jpg 800w, https:\/\/partediario.com.ar\/wp-content\/uploads\/554998329_1224127653092321_6968481216129417460_n-300x225.jpg 300w, https:\/\/partediario.com.ar\/wp-content\/uploads\/554998329_1224127653092321_6968481216129417460_n-768x576.jpg 768w\" sizes=\"auto, (max-width: 800px) 100vw, 800px\" \/><\/figure>\n\n\n\n<p><\/p>\n\n\n\n<p><\/p>\n\n\n\n<p><\/p>\n","protected":false},"excerpt":{"rendered":"<p>A trav&eacute;s de la Coordinaci&oacute;n de Deportes y con el acompa&ntilde;amiento del Bloque de Concejales M&aacute;s para Santa Elena, el Gobierno Municipal distingui&oacute; a j&oacute;venes deportistas. En esta oportunidad se trat&oacute; de las categor&iacute;as U13 Femenino y U11 Masculino de Club Progreso Social y Deportivo, por sus destacados logros deportivos. Un reconocimiento al esfuerzo, la [&hellip;]<\/p>\n","protected":false},"author":2,"featured_media":28941,"comment_status":"closed","ping_status":"closed","sticky":false,"template":"","format":"standard","meta":{"footnotes":""},"categories":[3272,726],"tags":[208,6885,6886,3399,210,207],"class_list":["post-28936","post","type-post","status-publish","format-standard","has-post-thumbnail","hentry","category-municipales","category-sociedad","tag-daniel-rossi","tag-deporte","tag-distincion","tag-jovenes","tag-municipalidad","tag-santa-elena"],"_links":{"self":[{"href":"https:\/\/partediario.com.ar\/index.php?rest_route=\/wp\/v2\/posts\/28936","targetHints":{"allow":["GET"]}}],"collection":[{"href":"https:\/\/partediario.com.ar\/index.php?rest_route=\/wp\/v2\/posts"}],"about":[{"href":"https:\/\/partediario.com.ar\/index.php?rest_route=\/wp\/v2\/types\/post"}],"author":[{"embeddable":true,"href":"https:\/\/partediario.com.ar\/index.php?rest_route=\/wp\/v2\/users\/2"}],"replies":[{"embeddable":true,"href":"https:\/\/partediario.com.ar\/index.php?rest_route=%2Fwp%2Fv2%2Fcomments&post=28936"}],"version-history":[{"count":1,"href":"https:\/\/partediario.com.ar\/index.php?rest_route=\/wp\/v2\/posts\/28936\/revisions"}],"predecessor-version":[{"id":28942,"href":"https:\/\/partediario.com.ar\/index.php?rest_route=\/wp\/v2\/posts\/28936\/revisions\/28942"}],"wp:featuredmedia":[{"embeddable":true,"href":"https:\/\/partediario.com.ar\/index.php?rest_route=\/wp\/v2\/media\/28941"}],"wp:attachment":[{"href":"https:\/\/partediario.com.ar\/index.php?rest_route=%2Fwp%2Fv2%2Fmedia&parent=28936"}],"wp:term":[{"taxonomy":"category","embeddable":true,"href":"https:\/\/partediario.com.ar\/index.php?rest_route=%2Fwp%2Fv2%2Fcategories&post=28936"},{"taxonomy":"post_tag","embeddable":true,"href":"https:\/\/partediario.com.ar\/index.php?rest_route=%2Fwp%2Fv2%2Ftags&post=28936"}],"curies":[{"name":"wp","href":"https:\/\/api.w.org\/{rel}","templated":true}]}}