{"id":28957,"date":"2025-09-29T08:46:20","date_gmt":"2025-09-29T11:46:20","guid":{"rendered":"https:\/\/partediario.com.ar\/?p=28957"},"modified":"2025-09-30T11:25:50","modified_gmt":"2025-09-30T14:25:50","slug":"el-doble-discurso-leandro-zdero-y-la-falta-de-gestion-en-rutas-destruidas","status":"publish","type":"post","link":"https:\/\/partediario.com.ar\/?p=28957","title":{"rendered":"El \u201cdoble\u00bb discurso Leandro Zdero y la falta de gesti\u00f3n en rutas destruidas"},"content":{"rendered":"\n<h2 class=\"wp-block-heading\">El gobernador Leandro Zdero encabez\u00f3 otro acto de pura propaganda sin sustancia, evidenciando una alarmante falta de gesti\u00f3n ante el desastre de la infraestructura vial chaque\u00f1a.<\/h2>\n\n\n\n<p>En un acto de tinte pol\u00edtico que denomin\u00f3 \u00abPlan Integral de Orden y Protecci\u00f3n en Rutas Chaque\u00f1as\u00bb, el gobernador eligi\u00f3 como escenario el puente Chaco-Corrientes, un lugar que, tr\u00e1gicamente, sirvi\u00f3 de recordatorio de la agon\u00eda de las rutas nacionales con el reciente accidente que le cost\u00f3 la vida a varias personas.<\/p>\n\n\n\n<p>El colmo del cinismo fue escuchar a Zdero hablar de \u00abla responsabilidad del Estado de optimizar recursos para controlar y mejorar el uso de rutas, la conectividad y la seguridad\u00bb. Este discurso huele a burla si se considera el contexto:<\/p>\n\n\n\n<ul class=\"wp-block-list\">\n<li>Asistieron al evento representantes de la Agencia Nacional de Seguridad Vial y la Direcci\u00f3n Nacional de Vialidad (DNV), organismos que el gobierno de Javier Milei (al cual Zdero responde) intent\u00f3 disolver.<\/li>\n\n\n\n<li>Los diputados y senadores nacionales que responden directamente a Zdero se prestaron a esta movida nacional, mostrando una complicidad vergonzosa en el intento de desmantelar las instituciones clave para el mantenimiento de las rutas.<\/li>\n\n\n\n<li>En la pr\u00e1ctica, Zdero avala la destrucci\u00f3n de la capacidad estatal para mejorar las rutas mientras enarbola el discurso de la \u00abresponsabilidad del Estado\u00bb. Su \u00abtrabajo coordinado\u00bb es, en realidad, una puesta en escena vac\u00eda con organismos que su propio espacio pol\u00edtico busca eliminar.<\/li>\n<\/ul>\n\n\n\n<p>La incapacidad de gesti\u00f3n del gobernador queda en evidencia en su pobre doble discurso sobre la conectividad y el desarrollo.<\/p>\n\n\n\n<ul class=\"wp-block-list\">\n<li>Habla de \u00abla necesidad de otro puente interprovincial\u00bb pero muestra una total inacci\u00f3n y desinter\u00e9s, pues no gestiona ni se involucra activamente en el tema.<\/li>\n\n\n\n<li>La \u00fanica vez que se dign\u00f3 a reunirse con el jefe libertario del Distrito de Vialidad Nacional en Chaco, Manuel Scrimizzi (un \u00abfuncionario tiktokero\u00bb defensor a ultranza de Milei), fue hace cuatro meses y solo para anunciar la mejora de un tramo de la muy deteriorada Ruta 95.<\/li>\n\n\n\n<li>Zdero no se hace eco de ning\u00fan pedido ciudadano o sectorial, limit\u00e1ndose a gobernar para un pu\u00f1ado mientras la provincia se desmorona.<\/li>\n<\/ul>\n\n\n\n<p><strong>Gesti\u00f3n Calco: Incapacidad y Crisis Financiera<\/strong><\/p>\n\n\n\n<p>El gobierno de Zdero es un triste calco de la gesti\u00f3n nacional: una administraci\u00f3n que no logra consolidarse y que demuestra una total incapacidad para gobernar.<\/p>\n\n\n\n<p>La situaci\u00f3n financiera de la provincia pende de un hilo, siendo una constante advertencia de la oposici\u00f3n y de analistas del mercado.<br>El gobernador lleva m\u00e1s de un a\u00f1o gastando \u00aba cuenta\u00bb, una se\u00f1al irrefutable de su desmanejo financiero y su incapacidad para ordenar las cuentas p\u00fablicas.<\/p>\n\n\n\n<p>En definitiva, Zdero monta shows y despliega ret\u00f3rica vac\u00eda en lugares que claman por soluciones reales, mientras en los hechos, su gobierno y sus aliados pol\u00edticos son parte del problema que hunde la infraestructura y la econom\u00eda chaque\u00f1a. NA<\/p>\n","protected":false},"excerpt":{"rendered":"<p>El gobernador Leandro Zdero encabez&oacute; otro acto de pura propaganda sin sustancia, evidenciando una alarmante falta de gesti&oacute;n ante el desastre de la infraestructura vial chaque&ntilde;a. En un acto de tinte pol&iacute;tico que denomin&oacute; &laquo;Plan Integral de Orden y Protecci&oacute;n en Rutas Chaque&ntilde;as&raquo;, el gobernador eligi&oacute; como escenario el puente Chaco-Corrientes, un lugar que, tr&aacute;gicamente, [&hellip;]<\/p>\n","protected":false},"author":2,"featured_media":28958,"comment_status":"closed","ping_status":"closed","sticky":false,"template":"","format":"standard","meta":{"footnotes":""},"categories":[176,8],"tags":[653,1127,246,3831,987],"class_list":["post-28957","post","type-post","status-publish","format-standard","has-post-thumbnail","hentry","category-politica","category-provinciales","tag-chaco","tag-doble","tag-gestion","tag-leandro-zdero","tag-rutas"],"_links":{"self":[{"href":"https:\/\/partediario.com.ar\/index.php?rest_route=\/wp\/v2\/posts\/28957","targetHints":{"allow":["GET"]}}],"collection":[{"href":"https:\/\/partediario.com.ar\/index.php?rest_route=\/wp\/v2\/posts"}],"about":[{"href":"https:\/\/partediario.com.ar\/index.php?rest_route=\/wp\/v2\/types\/post"}],"author":[{"embeddable":true,"href":"https:\/\/partediario.com.ar\/index.php?rest_route=\/wp\/v2\/users\/2"}],"replies":[{"embeddable":true,"href":"https:\/\/partediario.com.ar\/index.php?rest_route=%2Fwp%2Fv2%2Fcomments&post=28957"}],"version-history":[{"count":1,"href":"https:\/\/partediario.com.ar\/index.php?rest_route=\/wp\/v2\/posts\/28957\/revisions"}],"predecessor-version":[{"id":28959,"href":"https:\/\/partediario.com.ar\/index.php?rest_route=\/wp\/v2\/posts\/28957\/revisions\/28959"}],"wp:featuredmedia":[{"embeddable":true,"href":"https:\/\/partediario.com.ar\/index.php?rest_route=\/wp\/v2\/media\/28958"}],"wp:attachment":[{"href":"https:\/\/partediario.com.ar\/index.php?rest_route=%2Fwp%2Fv2%2Fmedia&parent=28957"}],"wp:term":[{"taxonomy":"category","embeddable":true,"href":"https:\/\/partediario.com.ar\/index.php?rest_route=%2Fwp%2Fv2%2Fcategories&post=28957"},{"taxonomy":"post_tag","embeddable":true,"href":"https:\/\/partediario.com.ar\/index.php?rest_route=%2Fwp%2Fv2%2Ftags&post=28957"}],"curies":[{"name":"wp","href":"https:\/\/api.w.org\/{rel}","templated":true}]}}