{"id":28986,"date":"2025-09-30T11:24:33","date_gmt":"2025-09-30T14:24:33","guid":{"rendered":"https:\/\/partediario.com.ar\/?p=28986"},"modified":"2025-10-02T09:04:49","modified_gmt":"2025-10-02T12:04:49","slug":"soda-stereo-anuncio-su-regreso-a-la-musica","status":"publish","type":"post","link":"https:\/\/partediario.com.ar\/?p=28986","title":{"rendered":"Soda Stereo anunci\u00f3 su regreso a la m\u00fasica"},"content":{"rendered":"\n<h2 class=\"wp-block-heading\">La m\u00edtica banda de rock Soda Stereo anunci\u00f3 su vuelta a la m\u00fasica con un show que se realizar\u00e1 en 2026 en el estadio Movistar Arena, el cual genera mucha expectativa y preguntas sobre qui\u00e9n ocupar\u00e1 el lugar de Gustavo Cerati, el hist\u00f3rico l\u00edder del grupo.<\/h2>\n\n\n\n<p>Tras generar mucha expectativa en sus redes sociales, la banda confirm\u00f3 la llegada de Soda Stereo Ecos, un show que se realizar\u00e1 el 21 de marzo de 2026 en el Movistar Arena de la Ciudad de Buenos Aires. \u201cGustavo, Charly y Zeta, juntos una vez m\u00e1s. Una experiencia \u00fanica donde lo imposible se hace real\u201d, manifestaron junto a un flyer.<\/p>\n\n\n\n<p><\/p>\n\n\n\n<figure class=\"wp-block-image size-full\"><img loading=\"lazy\" decoding=\"async\" width=\"760\" height=\"1013\" src=\"https:\/\/partediario.com.ar\/wp-content\/uploads\/soda-stereo-2.webp\" alt=\"\" class=\"wp-image-28987\" srcset=\"https:\/\/partediario.com.ar\/wp-content\/uploads\/soda-stereo-2.webp 760w, https:\/\/partediario.com.ar\/wp-content\/uploads\/soda-stereo-2-225x300.webp 225w\" sizes=\"auto, (max-width: 760px) 100vw, 760px\" \/><\/figure>\n\n\n\n<p><\/p>\n\n\n\n<p>En su cuenta de la red social X, el grupo tambi\u00e9n confirm\u00f3 que la preventa exclusiva del Banco Galicia se inicia este martes a las 10, a trav\u00e9s del sitio web del Movistar Arena (movistararena.com.ar). Por el lado de la general, se lanzar\u00e1 autom\u00e1ticamente una vez agotada esta primera instancia, por lo que se esperan largas filas para conseguir un lugar.<\/p>\n\n\n\n<p>En tanto, en el sitio web oficial de Soda Stereo, compartieron una carta dedicada a los seguidores, la cual concluy\u00f3 con una frase especial: \u201cGustavo, Charly y Zeta se reencuentran gracias a la tecnolog\u00eda en un presente que no conoce de fronteras\u201c.<\/p>\n","protected":false},"excerpt":{"rendered":"<p>La m&iacute;tica banda de rock Soda Stereo anunci&oacute; su vuelta a la m&uacute;sica con un show que se realizar&aacute; en 2026 en el estadio Movistar Arena, el cual genera mucha expectativa y preguntas sobre qui&eacute;n ocupar&aacute; el lugar de Gustavo Cerati, el hist&oacute;rico l&iacute;der del grupo. Tras generar mucha expectativa en sus redes sociales, la [&hellip;]<\/p>\n","protected":false},"author":2,"featured_media":28988,"comment_status":"closed","ping_status":"closed","sticky":false,"template":"","format":"standard","meta":{"footnotes":""},"categories":[4329,5,726],"tags":[6908,6907,2911,6906,4613,6905],"class_list":["post-28986","post","type-post","status-publish","format-standard","has-post-thumbnail","hentry","category-espectaculos","category-nacionales","category-sociedad","tag-arena","tag-movistar","tag-musica","tag-recital","tag-regreso","tag-soda-stereo"],"_links":{"self":[{"href":"https:\/\/partediario.com.ar\/index.php?rest_route=\/wp\/v2\/posts\/28986","targetHints":{"allow":["GET"]}}],"collection":[{"href":"https:\/\/partediario.com.ar\/index.php?rest_route=\/wp\/v2\/posts"}],"about":[{"href":"https:\/\/partediario.com.ar\/index.php?rest_route=\/wp\/v2\/types\/post"}],"author":[{"embeddable":true,"href":"https:\/\/partediario.com.ar\/index.php?rest_route=\/wp\/v2\/users\/2"}],"replies":[{"embeddable":true,"href":"https:\/\/partediario.com.ar\/index.php?rest_route=%2Fwp%2Fv2%2Fcomments&post=28986"}],"version-history":[{"count":1,"href":"https:\/\/partediario.com.ar\/index.php?rest_route=\/wp\/v2\/posts\/28986\/revisions"}],"predecessor-version":[{"id":28989,"href":"https:\/\/partediario.com.ar\/index.php?rest_route=\/wp\/v2\/posts\/28986\/revisions\/28989"}],"wp:featuredmedia":[{"embeddable":true,"href":"https:\/\/partediario.com.ar\/index.php?rest_route=\/wp\/v2\/media\/28988"}],"wp:attachment":[{"href":"https:\/\/partediario.com.ar\/index.php?rest_route=%2Fwp%2Fv2%2Fmedia&parent=28986"}],"wp:term":[{"taxonomy":"category","embeddable":true,"href":"https:\/\/partediario.com.ar\/index.php?rest_route=%2Fwp%2Fv2%2Fcategories&post=28986"},{"taxonomy":"post_tag","embeddable":true,"href":"https:\/\/partediario.com.ar\/index.php?rest_route=%2Fwp%2Fv2%2Ftags&post=28986"}],"curies":[{"name":"wp","href":"https:\/\/api.w.org\/{rel}","templated":true}]}}