{"id":28999,"date":"2025-10-01T18:47:22","date_gmt":"2025-10-01T21:47:22","guid":{"rendered":"https:\/\/partediario.com.ar\/?p=28999"},"modified":"2025-10-07T11:46:16","modified_gmt":"2025-10-07T14:46:16","slug":"del-potro-fue-nominado-al-salon-de-la-fama-del-tenis-internacional","status":"publish","type":"post","link":"https:\/\/partediario.com.ar\/?p=28999","title":{"rendered":"Del Potro fue nominado al Sal\u00f3n de la Fama del Tenis Internacional"},"content":{"rendered":"\n<h2 class=\"wp-block-heading\">El tandilense Juan Mart\u00edn del Potro fue nominado para ingresar al Sal\u00f3n de la Fama del Tenis Internacional y se convertir\u00e1 en el tercer argentino en integrarlo adem\u00e1s de Gabriela Sabatini y Guillermo Vilas.<\/h2>\n\n\n\n<p>El argentino figura entre los candidatos para la Clase 2026 junto al suizo Roger Federer y la rusa Svetlana Kuznetsova, seg\u00fan informaci\u00f3n brindada por la International Tennis Hall of Fame (ITHF).<\/p>\n\n\n\n<p>En caso de ser elegido, Del Potro se convertir\u00e1 en el tercer argentino en ingresar al Sal\u00f3n de la Fama, despu\u00e9s de Guillermo Vilas en 1991 y Gabriela Sabatini en 2006.<\/p>\n\n\n\n<p>La lista de candidatos incluye a Federer, ganador de 20 torneos de Grand Slam y 103 t\u00edtulos oficiales, adem\u00e1s de una Copa Davis en 2014 y un oro ol\u00edmpico en dobles en 2008.<\/p>\n\n\n\n<p><\/p>\n\n\n\n<blockquote class=\"twitter-tweet\"><p lang=\"en\" dir=\"ltr\">What an honor and a privilege to be nominated for such a recognition. <br>Thank you very much <a href=\"https:\/\/twitter.com\/TennisHalloFame?ref_src=twsrc%5Etfw\">@TennisHalloFame<\/a> \ud83d\ude0a <a href=\"https:\/\/t.co\/xJU8ZSBfES\">https:\/\/t.co\/xJU8ZSBfES<\/a><\/p>&mdash; Juan M. del Potro (@delpotrojuan) <a href=\"https:\/\/twitter.com\/delpotrojuan\/status\/1973357522909356237?ref_src=twsrc%5Etfw\">October 1, 2025<\/a><\/blockquote> <script async src=\"https:\/\/platform.twitter.com\/widgets.js\" charset=\"utf-8\"><\/script>\n\n\n\n<p><\/p>\n\n\n\n<p>Kuznetsova, por su parte, alcanz\u00f3 el segundo puesto del ranking WTA, gan\u00f3 cuatro Grand Slam (dos en individuales y dos en dobles) y form\u00f3 parte del equipo ruso que conquist\u00f3 tres ediciones de la Copa Billie Jean King.<\/p>\n\n\n\n<p>En la categor\u00eda de Colaborador fueron nominados la periodista Mary Carillo y el administrador Marshall Happer. Ambos recibieron el reconocimiento por su aporte a la difusi\u00f3n y gesti\u00f3n del tenis a nivel internacional.<\/p>\n\n\n\n<p>La votaci\u00f3n de la Clase 2026 definir\u00e1 qu\u00e9 nombres quedar\u00e1n incorporados a este espacio que re\u00fane a las principales figuras hist\u00f3ricas del deporte.<\/p>\n\n\n\n<p>La organizaci\u00f3n comunic\u00f3 que la votaci\u00f3n del p\u00fablico permanecer\u00e1 abierta hasta el 10 de octubre en su sitio oficial y se prev\u00e9 que los tres jugadores m\u00e1s votados recibir\u00e1n puntos adicionales, que se sumar\u00e1n al escrutinio del jurado conformado por periodistas, especialistas e integrantes ya incorporados.<\/p>\n\n\n\n<p>Para que estos nominados puedan acceder al Sal\u00f3n de la Fama es necesario alcanzar el 75 por ciento de aprobaci\u00f3n en el voto final.<\/p>\n\n\n\n<p><strong>En esta link podes votar por \u00abLa torre de Tandil\u00bb<\/strong><\/p>\n\n\n\n<p><a href=\"https:\/\/vote.tennisfame.com\"><strong>https:\/\/vote.tennisfame.com<\/strong><\/a><\/p>\n\n\n\n<p><strong>La carrera de Del Potro<\/strong><\/p>\n\n\n\n<p>Del Potro, nacido en 1988 en Tandil, conquist\u00f3 22 t\u00edtulos individuales en el circuito profesional, de los cuales el logro m\u00e1s destacado fue el US Open 2009, donde derrot\u00f3 a Federer en cinco sets.<\/p>\n\n\n\n<p>En ese mismo a\u00f1o cerr\u00f3 la temporada entre los diez mejores del ranking ATP, y en 2008 hab\u00eda ganado cuatro torneos ATP con una racha de 23 victorias consecutivas.<\/p>\n\n\n\n<p>En 2016 integr\u00f3 el equipo argentino que se consagr\u00f3 en la Copa Davis frente a Croacia, lo que fue la primera coronaci\u00f3n de Argentina en el certamen.<\/p>\n\n\n\n<p>Ese a\u00f1o obtuvo tambi\u00e9n la medalla de plata en los Juegos Ol\u00edmpicos de R\u00edo de Janeiro, tras vencer a Djokovic y Nadal, y perder la final ante Murray.<\/p>\n","protected":false},"excerpt":{"rendered":"<p>El tandilense Juan Mart&iacute;n del Potro fue nominado para ingresar al Sal&oacute;n de la Fama del Tenis Internacional y se convertir&aacute; en el tercer argentino en integrarlo adem&aacute;s de Gabriela Sabatini y Guillermo Vilas. El argentino figura entre los candidatos para la Clase 2026 junto al suizo Roger Federer y la rusa Svetlana Kuznetsova, seg&uacute;n [&hellip;]<\/p>\n","protected":false},"author":2,"featured_media":29000,"comment_status":"closed","ping_status":"closed","sticky":false,"template":"","format":"standard","meta":{"footnotes":""},"categories":[4,5,726],"tags":[1305,6911,6912,6914,3693],"class_list":["post-28999","post","type-post","status-publish","format-standard","has-post-thumbnail","hentry","category-deportes","category-nacionales","category-sociedad","tag-internacional","tag-jusn-martin-del-potro","tag-nominado","tag-salon-de-la-fama","tag-tenis"],"_links":{"self":[{"href":"https:\/\/partediario.com.ar\/index.php?rest_route=\/wp\/v2\/posts\/28999","targetHints":{"allow":["GET"]}}],"collection":[{"href":"https:\/\/partediario.com.ar\/index.php?rest_route=\/wp\/v2\/posts"}],"about":[{"href":"https:\/\/partediario.com.ar\/index.php?rest_route=\/wp\/v2\/types\/post"}],"author":[{"embeddable":true,"href":"https:\/\/partediario.com.ar\/index.php?rest_route=\/wp\/v2\/users\/2"}],"replies":[{"embeddable":true,"href":"https:\/\/partediario.com.ar\/index.php?rest_route=%2Fwp%2Fv2%2Fcomments&post=28999"}],"version-history":[{"count":2,"href":"https:\/\/partediario.com.ar\/index.php?rest_route=\/wp\/v2\/posts\/28999\/revisions"}],"predecessor-version":[{"id":29003,"href":"https:\/\/partediario.com.ar\/index.php?rest_route=\/wp\/v2\/posts\/28999\/revisions\/29003"}],"wp:featuredmedia":[{"embeddable":true,"href":"https:\/\/partediario.com.ar\/index.php?rest_route=\/wp\/v2\/media\/29000"}],"wp:attachment":[{"href":"https:\/\/partediario.com.ar\/index.php?rest_route=%2Fwp%2Fv2%2Fmedia&parent=28999"}],"wp:term":[{"taxonomy":"category","embeddable":true,"href":"https:\/\/partediario.com.ar\/index.php?rest_route=%2Fwp%2Fv2%2Fcategories&post=28999"},{"taxonomy":"post_tag","embeddable":true,"href":"https:\/\/partediario.com.ar\/index.php?rest_route=%2Fwp%2Fv2%2Ftags&post=28999"}],"curies":[{"name":"wp","href":"https:\/\/api.w.org\/{rel}","templated":true}]}}