{"id":2901,"date":"2024-06-19T13:52:40","date_gmt":"2024-06-19T16:52:40","guid":{"rendered":"https:\/\/partediario.com.ar\/?p=2901"},"modified":"2024-06-19T13:52:41","modified_gmt":"2024-06-19T16:52:41","slug":"los-ojos-del-pais-se-posan-sobre-corrientes-confirmaron-que-la-media-con-sangre-encontrada-no-es-de-loan","status":"publish","type":"post","link":"https:\/\/partediario.com.ar\/?p=2901","title":{"rendered":"Los ojos del pa\u00eds se posan sobre Corrientes. Confirmaron que la media con sangre encontrada no es de Loan"},"content":{"rendered":"\n<p><strong>Un hombre asegur\u00f3 haberlo visto en Resistencia acompa\u00f1ado de un mayor y en una camioneta con vidrios polarizados. El veh\u00edculo se detuvo en la Ruta Nacional N\u00b0 11.<\/strong><\/p>\n\n\n\n<p>Contin\u00faa la b\u00fasqueda de Loan Danilo Pe\u00f1a, alrededor de 700 efectivos de fuerzas policiales federales y de la provincia de Corrientes, hoy llega personal de Salta, Mendoza y Buenos Aires.<\/p>\n\n\n\n<p>Un hombre llam\u00f3 al 911 y denunci\u00f3 haber visto en Resistencia, Chaco, a Loan Danilo Pe\u00f1a, el nene que desapareci\u00f3 hace seis d\u00edas en Corrientes. De acuerdo a la denuncia realizada, el menor se encontraba dentro de una camioneta el pasado jueves, d\u00eda que desapareci\u00f3.<\/p>\n\n\n\n<p>Seg\u00fan el hombre, se trataba de una Toyota Hilux blanca, con vidrios polarizados. El veh\u00edculo se detuvo en la Ruta Nacional N\u00b0 11 y se bajaron de \u00e9l un mayor con un menor, que aparentemente ser\u00eda Loan.<\/p>\n\n\n\n<p>Seg\u00fan precis\u00f3, el ni\u00f1o vest\u00eda una remera azul y jeans y parec\u00eda estar descompuesto, ya que vomit\u00f3 en una bolsa. A partir de esa denuncia, las autoridades investigan si la informaci\u00f3n es ver\u00eddica o no, ya que en los \u00faltimos seis d\u00edas existieron miles de llamados falsos al 134.<\/p>\n\n\n\n<p>Mientras tanto, contin\u00faa el rastrillaje en la localidad de 9 de julio. Las autoridades incorporaron efectivos de Salta y Mendoza, junto con dos expertos de b\u00fasqueda, por lo que se ampl\u00eda el rango de b\u00fasqueda.<\/p>\n\n\n\n<p>Por otra parte, el juez de garant\u00edas Lucio L\u00f3pez Lecube dict\u00f3 la prisi\u00f3n preventiva de los detenidos Bernardino Antonio Ben\u00edtez, t\u00edo de la victima, y la pareja Daniel Ram\u00edrez y M\u00f3nica del Carmen Millapi. Para el juez, los tres son culpables del delito de abandono de persona, ya que eran los responsables de cuidar al ni\u00f1o.<\/p>\n\n\n\n<p><strong>Confirmaron que la media con sangre no es de Loan<\/strong><\/p>\n\n\n\n<p>Durante el quinto d\u00eda de b\u00fasqueda, los investigadores encontraron una media con sangre que deb\u00edan analizar si pertenec\u00eda o no al menor de cinco a\u00f1os. La prenda fue descubierta por los equipos de b\u00fasqueda y con el trabajo de \u00abKiara\u00bb, la perra que es parte del equipo.<\/p>\n\n\n\n<p>Sin embargo, los investigadores confirmaron en las \u00faltimas horas que la prenda ensangrentada no pertenece a Loan.<\/p>\n","protected":false},"excerpt":{"rendered":"<p>Un hombre asegur&oacute; haberlo visto en Resistencia acompa&ntilde;ado de un mayor y en una camioneta con vidrios polarizados. El veh&iacute;culo se detuvo en la Ruta Nacional N&deg; 11. Contin&uacute;a la b&uacute;squeda de Loan Danilo Pe&ntilde;a, alrededor de 700 efectivos de fuerzas policiales federales y de la provincia de Corrientes, hoy llega personal de Salta, Mendoza [&hellip;]<\/p>\n","protected":false},"author":2,"featured_media":2902,"comment_status":"open","ping_status":"open","sticky":false,"template":"","format":"standard","meta":{"footnotes":""},"categories":[5,7],"tags":[655,448,489,656,438,654,657],"class_list":["post-2901","post","type-post","status-publish","format-standard","has-post-thumbnail","hentry","category-nacionales","category-policiales","tag-camioneta","tag-corrientes","tag-loan-danilo-pena","tag-media","tag-policiales","tag-resistencia","tag-sangre"],"_links":{"self":[{"href":"https:\/\/partediario.com.ar\/index.php?rest_route=\/wp\/v2\/posts\/2901","targetHints":{"allow":["GET"]}}],"collection":[{"href":"https:\/\/partediario.com.ar\/index.php?rest_route=\/wp\/v2\/posts"}],"about":[{"href":"https:\/\/partediario.com.ar\/index.php?rest_route=\/wp\/v2\/types\/post"}],"author":[{"embeddable":true,"href":"https:\/\/partediario.com.ar\/index.php?rest_route=\/wp\/v2\/users\/2"}],"replies":[{"embeddable":true,"href":"https:\/\/partediario.com.ar\/index.php?rest_route=%2Fwp%2Fv2%2Fcomments&post=2901"}],"version-history":[{"count":1,"href":"https:\/\/partediario.com.ar\/index.php?rest_route=\/wp\/v2\/posts\/2901\/revisions"}],"predecessor-version":[{"id":2903,"href":"https:\/\/partediario.com.ar\/index.php?rest_route=\/wp\/v2\/posts\/2901\/revisions\/2903"}],"wp:featuredmedia":[{"embeddable":true,"href":"https:\/\/partediario.com.ar\/index.php?rest_route=\/wp\/v2\/media\/2902"}],"wp:attachment":[{"href":"https:\/\/partediario.com.ar\/index.php?rest_route=%2Fwp%2Fv2%2Fmedia&parent=2901"}],"wp:term":[{"taxonomy":"category","embeddable":true,"href":"https:\/\/partediario.com.ar\/index.php?rest_route=%2Fwp%2Fv2%2Fcategories&post=2901"},{"taxonomy":"post_tag","embeddable":true,"href":"https:\/\/partediario.com.ar\/index.php?rest_route=%2Fwp%2Fv2%2Ftags&post=2901"}],"curies":[{"name":"wp","href":"https:\/\/api.w.org\/{rel}","templated":true}]}}