{"id":29042,"date":"2025-10-09T10:13:33","date_gmt":"2025-10-09T13:13:33","guid":{"rendered":"https:\/\/partediario.com.ar\/?p=29042"},"modified":"2025-10-12T12:37:28","modified_gmt":"2025-10-12T15:37:28","slug":"los-gobernadores-de-provincias-unidas-continuaran-con-la-campana-este-jueves-en-jujuy","status":"publish","type":"post","link":"https:\/\/partediario.com.ar\/?p=29042","title":{"rendered":"Los gobernadores de Provincias Unidas continuar\u00e1n con la campa\u00f1a este jueves en Jujuy"},"content":{"rendered":"\n<h2 class=\"wp-block-heading\">Los gobernadores del espacio Provincias Unidas, trasladar\u00e1n este jueves la campa\u00f1a para las elecciones legislativas del 26 de octubre a la provincia de Jujuy, donde volver\u00e1n a hacer una demostraci\u00f3n de fuerza tras los encuentros que mantuvieron en las ciudades de R\u00edo Cuarto y Puerto Madryn.<\/h2>\n\n\n\n<p>Seg\u00fan se supo de fuentes partidarias, los gobernadores Mart\u00edn Llaryora (C\u00f3rdoba), Maximiliano Pullaro (Santa Fe), Gustavo Vald\u00e9s (Corrientes), Ignacio Torres (Chubut) y Claudio Vidal (Santa Cruz), adem\u00e1s del anfitri\u00f3n Carlos Sadir, estar\u00e1n desde las 11 en el Parque Solar El Pongo y Zona Franca Perico, en la ciudad de Perico.<\/p>\n\n\n\n<p>De la actividad participar\u00e1 adem\u00e1s el ex gobernador cordob\u00e9s Juan Schiaretti, candidato a diputado nacional por ese distrito.<\/p>\n\n\n\n<p>Los gobernadores mantendr\u00e1n una reuni\u00f3n con empresarios mineros y desde las 12.30 encabezar\u00e1n un acto de campa\u00f1a, concluyendo a las 13.30 con un almuerzo en el Hotel Altos de la Vi\u00f1a, en San Salvador de Jujuy.<\/p>\n\n\n\n<p>El armado de Provincias Unidas, que busca mostrarse como una alternativa a la polarizaci\u00f3n entre La Libertad Avanza (LLA) y el Peronismo, volver\u00e1 de este modo a realizar una demostraci\u00f3n de fuerza despu\u00e9s de las actividades que los gobernadores llevaron adelante en R\u00edo Cuarto, el 12 de septiembre \u00faltimo, y en Puerto Madryn, a fines de ese mismo mes.<\/p>\n","protected":false},"excerpt":{"rendered":"<p>Los gobernadores del espacio Provincias Unidas, trasladar&aacute;n este jueves la campa&ntilde;a para las elecciones legislativas del 26 de octubre a la provincia de Jujuy, donde volver&aacute;n a hacer una demostraci&oacute;n de fuerza tras los encuentros que mantuvieron en las ciudades de R&iacute;o Cuarto y Puerto Madryn. Seg&uacute;n se supo de fuentes partidarias, los gobernadores Mart&iacute;n [&hellip;]<\/p>\n","protected":false},"author":2,"featured_media":29043,"comment_status":"closed","ping_status":"closed","sticky":false,"template":"","format":"standard","meta":{"footnotes":""},"categories":[5,176],"tags":[705,2530,2629,1023,932,1767,6488,753,1138,1107,6574],"class_list":["post-29042","post","type-post","status-publish","format-standard","has-post-thumbnail","hentry","category-nacionales","category-politica","tag-campana","tag-carlos-sadir","tag-claudio-vidal","tag-gobernadores","tag-gustavo-valdes","tag-ignacio-torres","tag-juan-schiaretti","tag-jujuy","tag-martin-llaryora","tag-maximiliano-pullaro","tag-provincias-unidas"],"_links":{"self":[{"href":"https:\/\/partediario.com.ar\/index.php?rest_route=\/wp\/v2\/posts\/29042","targetHints":{"allow":["GET"]}}],"collection":[{"href":"https:\/\/partediario.com.ar\/index.php?rest_route=\/wp\/v2\/posts"}],"about":[{"href":"https:\/\/partediario.com.ar\/index.php?rest_route=\/wp\/v2\/types\/post"}],"author":[{"embeddable":true,"href":"https:\/\/partediario.com.ar\/index.php?rest_route=\/wp\/v2\/users\/2"}],"replies":[{"embeddable":true,"href":"https:\/\/partediario.com.ar\/index.php?rest_route=%2Fwp%2Fv2%2Fcomments&post=29042"}],"version-history":[{"count":1,"href":"https:\/\/partediario.com.ar\/index.php?rest_route=\/wp\/v2\/posts\/29042\/revisions"}],"predecessor-version":[{"id":29044,"href":"https:\/\/partediario.com.ar\/index.php?rest_route=\/wp\/v2\/posts\/29042\/revisions\/29044"}],"wp:featuredmedia":[{"embeddable":true,"href":"https:\/\/partediario.com.ar\/index.php?rest_route=\/wp\/v2\/media\/29043"}],"wp:attachment":[{"href":"https:\/\/partediario.com.ar\/index.php?rest_route=%2Fwp%2Fv2%2Fmedia&parent=29042"}],"wp:term":[{"taxonomy":"category","embeddable":true,"href":"https:\/\/partediario.com.ar\/index.php?rest_route=%2Fwp%2Fv2%2Fcategories&post=29042"},{"taxonomy":"post_tag","embeddable":true,"href":"https:\/\/partediario.com.ar\/index.php?rest_route=%2Fwp%2Fv2%2Ftags&post=29042"}],"curies":[{"name":"wp","href":"https:\/\/api.w.org\/{rel}","templated":true}]}}