{"id":29045,"date":"2025-10-09T10:31:01","date_gmt":"2025-10-09T13:31:01","guid":{"rendered":"https:\/\/partediario.com.ar\/?p=29045"},"modified":"2025-10-12T12:37:24","modified_gmt":"2025-10-12T15:37:24","slug":"diputados-aprobo-la-nulidad-del-decreto-que-suspendio-la-ley-de-emergencia-en-discapacidad","status":"publish","type":"post","link":"https:\/\/partediario.com.ar\/?p=29045","title":{"rendered":"Diputados aprob\u00f3 la nulidad del decreto que suspendi\u00f3 la ley de emergencia en Discapacidad"},"content":{"rendered":"\n<h2 class=\"wp-block-heading\">La C\u00e1mara de Diputados el proyecto que declara \u201cnula de nulidad absoluta e insanable la cl\u00e1usula suspensiva del decreto 681\/25 sobre emergencia en materia de Discapacidad\u201d.<\/h2>\n\n\n\n<p>El proyecto, que es de la autor\u00eda de la diputada de Desarrollo y Coherencia Marcela Pagano, obtuvo 119 votos afirmativos, 67 negativos y ocho abstenciones.<\/p>\n\n\n\n<p>\u201cMe hubiera encantado discutirlo en el Presupuesto pero (el ex presidente de la comisi\u00f3n de Presupuesto, Jos\u00e9 Luis) Espert no nos permiti\u00f3\u201d, se\u00f1al\u00f3 la ex libertaria.<\/p>\n\n\n\n<p>Para Pagasno, la suspensi\u00f3n de la ley firmada por el jefe de Gabinete, Guillermo Francos, es \u201cilegal porque la ley habia cumplido todos los tr\u00e1mites que est\u00e1n constitucionalmente previstos para ser promulgada autom\u00e1ticamente\u201d.<\/p>\n\n\n\n<p>\u201cEs decir, ambas c\u00e1maras la aprobaron, luego se vet\u00f3 y ambas c\u00e1maras despu\u00e9s insistieron. No requiere m\u00e1s tr\u00e1mite para ser promulgada y no debe ser discutido ning\u00fan tipo de suspensi\u00f3n\u201d, indic\u00f3.<\/p>\n\n\n\n<p>\u201c\u00bfPara qu\u00e9 debatimos leyes si despu\u00e9s por un decreto se habilita la suspensi\u00f3n? \u00bfPara qu\u00e9 juramos la Constituci\u00f3n si despu\u00e9s vamos a permitir que se desobedezca?\u201d, agreg\u00f3 Pagano.<\/p>\n\n\n\n<p>La legisladora aclar\u00f3 que \u201cesto no es un tecnicisimo sino un avasallamiento a la instituci\u00f3n del Congreso\u201d.<\/p>\n\n\n\n<p>\u201cNo es una formalidad es una afrenta a la soberan\u00eda de la Rep\u00fablica\u201d, cerr\u00f3 Pagano.<\/p>\n","protected":false},"excerpt":{"rendered":"<p>La C&aacute;mara de Diputados el proyecto que declara &ldquo;nula de nulidad absoluta e insanable la cl&aacute;usula suspensiva del decreto 681\/25 sobre emergencia en materia de Discapacidad&rdquo;. El proyecto, que es de la autor&iacute;a de la diputada de Desarrollo y Coherencia Marcela Pagano, obtuvo 119 votos afirmativos, 67 negativos y ocho abstenciones. &ldquo;Me hubiera encantado discutirlo [&hellip;]<\/p>\n","protected":false},"author":2,"featured_media":29046,"comment_status":"closed","ping_status":"closed","sticky":false,"template":"","format":"standard","meta":{"footnotes":""},"categories":[5,176],"tags":[3545,1346,310,1903,258,329,1302,1160,1209,3956],"class_list":["post-29045","post","type-post","status-publish","format-standard","has-post-thumbnail","hentry","category-nacionales","category-politica","tag-aprobo","tag-decreto","tag-diputados","tag-discapacidad","tag-emergencia","tag-guillermo-francos","tag-jose-luis-espert","tag-ley","tag-marcela-pagano","tag-nulidad"],"_links":{"self":[{"href":"https:\/\/partediario.com.ar\/index.php?rest_route=\/wp\/v2\/posts\/29045","targetHints":{"allow":["GET"]}}],"collection":[{"href":"https:\/\/partediario.com.ar\/index.php?rest_route=\/wp\/v2\/posts"}],"about":[{"href":"https:\/\/partediario.com.ar\/index.php?rest_route=\/wp\/v2\/types\/post"}],"author":[{"embeddable":true,"href":"https:\/\/partediario.com.ar\/index.php?rest_route=\/wp\/v2\/users\/2"}],"replies":[{"embeddable":true,"href":"https:\/\/partediario.com.ar\/index.php?rest_route=%2Fwp%2Fv2%2Fcomments&post=29045"}],"version-history":[{"count":1,"href":"https:\/\/partediario.com.ar\/index.php?rest_route=\/wp\/v2\/posts\/29045\/revisions"}],"predecessor-version":[{"id":29047,"href":"https:\/\/partediario.com.ar\/index.php?rest_route=\/wp\/v2\/posts\/29045\/revisions\/29047"}],"wp:featuredmedia":[{"embeddable":true,"href":"https:\/\/partediario.com.ar\/index.php?rest_route=\/wp\/v2\/media\/29046"}],"wp:attachment":[{"href":"https:\/\/partediario.com.ar\/index.php?rest_route=%2Fwp%2Fv2%2Fmedia&parent=29045"}],"wp:term":[{"taxonomy":"category","embeddable":true,"href":"https:\/\/partediario.com.ar\/index.php?rest_route=%2Fwp%2Fv2%2Fcategories&post=29045"},{"taxonomy":"post_tag","embeddable":true,"href":"https:\/\/partediario.com.ar\/index.php?rest_route=%2Fwp%2Fv2%2Ftags&post=29045"}],"curies":[{"name":"wp","href":"https:\/\/api.w.org\/{rel}","templated":true}]}}