{"id":29057,"date":"2025-10-09T10:50:07","date_gmt":"2025-10-09T13:50:07","guid":{"rendered":"https:\/\/partediario.com.ar\/?p=29057"},"modified":"2025-10-12T12:37:07","modified_gmt":"2025-10-12T15:37:07","slug":"se-llevan-a-cabo-en-estos-momentos-allanamientos-por-la-causa-andis","status":"publish","type":"post","link":"https:\/\/partediario.com.ar\/?p=29057","title":{"rendered":"Se llevan a cabo en estos momentos allanamientos por la causa ANDIS"},"content":{"rendered":"\n<h2 class=\"wp-block-heading\">Una serie de allanamientos se desarrollan en la Ciudad de Buenos Aires y los mismos est\u00e1n relacionados con la causa por las presuntas coimas en la Agencia Nacional de Discapacidad (ANDIS).<\/h2>\n\n\n\n<p>Seg\u00fan trascendi\u00f3, los procedimientos se est\u00e1n realizando, pero no se brind\u00f3 m\u00e1s informaci\u00f3n sobre que se busca en los mismos.<\/p>\n\n\n\n<p>Noticia en desarrollo\u2026<\/p>\n","protected":false},"excerpt":{"rendered":"<p>Una serie de allanamientos se desarrollan en la Ciudad de Buenos Aires y los mismos est&aacute;n relacionados con la causa por las presuntas coimas en la Agencia Nacional de Discapacidad (ANDIS). Seg&uacute;n trascendi&oacute;, los procedimientos se est&aacute;n realizando, pero no se brind&oacute; m&aacute;s informaci&oacute;n sobre que se busca en los mismos. Noticia en desarrollo&hellip;<\/p>\n","protected":false},"author":2,"featured_media":29058,"comment_status":"closed","ping_status":"closed","sticky":false,"template":"","format":"standard","meta":{"footnotes":""},"categories":[979,5],"tags":[431,1904],"class_list":["post-29057","post","type-post","status-publish","format-standard","has-post-thumbnail","hentry","category-judiciales","category-nacionales","tag-allanamientos","tag-andis"],"_links":{"self":[{"href":"https:\/\/partediario.com.ar\/index.php?rest_route=\/wp\/v2\/posts\/29057","targetHints":{"allow":["GET"]}}],"collection":[{"href":"https:\/\/partediario.com.ar\/index.php?rest_route=\/wp\/v2\/posts"}],"about":[{"href":"https:\/\/partediario.com.ar\/index.php?rest_route=\/wp\/v2\/types\/post"}],"author":[{"embeddable":true,"href":"https:\/\/partediario.com.ar\/index.php?rest_route=\/wp\/v2\/users\/2"}],"replies":[{"embeddable":true,"href":"https:\/\/partediario.com.ar\/index.php?rest_route=%2Fwp%2Fv2%2Fcomments&post=29057"}],"version-history":[{"count":1,"href":"https:\/\/partediario.com.ar\/index.php?rest_route=\/wp\/v2\/posts\/29057\/revisions"}],"predecessor-version":[{"id":29059,"href":"https:\/\/partediario.com.ar\/index.php?rest_route=\/wp\/v2\/posts\/29057\/revisions\/29059"}],"wp:featuredmedia":[{"embeddable":true,"href":"https:\/\/partediario.com.ar\/index.php?rest_route=\/wp\/v2\/media\/29058"}],"wp:attachment":[{"href":"https:\/\/partediario.com.ar\/index.php?rest_route=%2Fwp%2Fv2%2Fmedia&parent=29057"}],"wp:term":[{"taxonomy":"category","embeddable":true,"href":"https:\/\/partediario.com.ar\/index.php?rest_route=%2Fwp%2Fv2%2Fcategories&post=29057"},{"taxonomy":"post_tag","embeddable":true,"href":"https:\/\/partediario.com.ar\/index.php?rest_route=%2Fwp%2Fv2%2Ftags&post=29057"}],"curies":[{"name":"wp","href":"https:\/\/api.w.org\/{rel}","templated":true}]}}