{"id":29071,"date":"2025-10-12T11:25:56","date_gmt":"2025-10-12T14:25:56","guid":{"rendered":"https:\/\/partediario.com.ar\/?p=29071"},"modified":"2025-10-14T11:49:03","modified_gmt":"2025-10-14T14:49:03","slug":"duras-criticas-al-gobierno-cada-6-meses-tiene-que-rogar-un-salvataje-y-crece-la-bronca-expreso-recalde","status":"publish","type":"post","link":"https:\/\/partediario.com.ar\/?p=29071","title":{"rendered":"Duras cr\u00edticas al Gobierno: \u201cCada 6 meses tiene que rogar un salvataje y crece la bronca\u201d, expres\u00f3 Recalde"},"content":{"rendered":"\n<h2 class=\"wp-block-heading\">Mariano Recalde, candidato a senador por CABA de Fuerza Patria, apunt\u00f3 contra la gesti\u00f3n econ\u00f3mica y pol\u00edtica del oficialismo, al afirmar que el constante pedido de asistencia externa revela un desorden macroecon\u00f3mico. El referente pol\u00edtico critic\u00f3 la dependencia del pa\u00eds y la \u00abangustiante\u00bb situaci\u00f3n social que estar\u00eda generando un \u00abdeterioro en el apoyo social\u00bb al proyecto actual.<\/h2>\n\n\n\n<p>Recalde critic\u00f3 duramente el rescate financiero del Tesoro de Estados Unidos, precisando que la asistencia no responde a la generosidad, sino a intereses concretos. \u00abEl gobierno dice que tiene una econom\u00eda ordenada, pero cada 6 meses tienen que salir a reclamar, a rogar un salvataje econ\u00f3mico de un lado, primero del FMI y ahora del Tesoro Estados Unidos. Esto habla muy mal de la macroeconom\u00eda\u00bb, destac\u00f3 en declaraciones radiales.<\/p>\n\n\n\n<p>El candidato manifest\u00f3 su preocupaci\u00f3n por la soberan\u00eda nacional al afirmar que la ayuda estadounidense se otorga a cambio de contraprestaciones no transparentadas. \u00abEs muy triste ver c\u00f3mo el pa\u00eds pierde independencia, pierde autonom\u00eda, pierde libertad y queda sometido\u00bb a los intereses de potencias extranjeras. Y agreg\u00f3 que los anuncios sobre el futuro econ\u00f3mico argentino son realizados directamente por funcionarios de EE.UU. a trav\u00e9s de redes sociales, lo que considera una falta de respeto a la investidura de los representantes locales.<\/p>\n\n\n\n<p>En el \u00e1mbito microecon\u00f3mico, Recalde describi\u00f3 una realidad social dif\u00edcil, donde a las familias \u00abcada vez les cuesta m\u00e1s llegar a fin de mes o no llegan a fin de mes\u00bb. El referente hizo referencia a las \u00abhistorias de jubilados que no pueden comprar los remedios\u00bb y necesitan ayuda de sus hijos, algo que no ocurr\u00eda anteriormente.<\/p>\n\n\n\n<p>Seg\u00fan Recalde, esta situaci\u00f3n \u00abangustiante\u00bb genera una creciente \u00abbronca\u00bb contra el modelo pol\u00edtico actual. Si bien el apoyo oficialista se mantuvo en las elecciones de mayo (donde, seg\u00fan Recalde, \u00abLibertarios y Amarillos se juntaron esta vez\u00bb), el soporte social se est\u00e1 deteriorando \u00abcon cada esc\u00e1ndalo\u00bb.<\/p>\n\n\n\n<p>\u00abMucha gente que hac\u00eda un sacrificio\u2026 cuando empieza a ver que le ment\u00edan, cuando empieza a ver que no solo el sacrificio individual, sino que adem\u00e1s se mienten desde el poder, va generando una bronca, destac\u00f3\u00bb.<\/p>\n\n\n\n<p>De cara a las pr\u00f3ximas elecciones del 26 de octubre, Recalde observ\u00f3 en la calle \u00abm\u00e1s inter\u00e9s en participar, m\u00e1s ganas de votar\u00bb por parte de la ciudadan\u00eda. Mencion\u00f3 que este entusiasmo se combina con un gran inter\u00e9s en comprender el nuevo sistema de boleta \u00fanica de papel, el cual considera \u00abcomplicado\u00bb y que puede \u00abincitar a no votar\u00bb.<\/p>\n\n\n\n<p>Finalmente, Recalde explic\u00f3 que se trata de \u00abuna sola papeleta que te dan con todos los partidos\u00bb y una lapicera para marcar dos opciones en el caso de la Ciudad de Buenos Aires: una para diputados y otra para senadores.<\/p>\n","protected":false},"excerpt":{"rendered":"<p>Mariano Recalde, candidato a senador por CABA de Fuerza Patria, apunt&oacute; contra la gesti&oacute;n econ&oacute;mica y pol&iacute;tica del oficialismo, al afirmar que el constante pedido de asistencia externa revela un desorden macroecon&oacute;mico. El referente pol&iacute;tico critic&oacute; la dependencia del pa&iacute;s y la &laquo;angustiante&raquo; situaci&oacute;n social que estar&iacute;a generando un &laquo;deterioro en el apoyo social&raquo; al [&hellip;]<\/p>\n","protected":false},"author":2,"featured_media":29072,"comment_status":"closed","ping_status":"closed","sticky":false,"template":"","format":"standard","meta":{"footnotes":""},"categories":[5,176],"tags":[388,1461,467,626,6347,224,232,5175,4894],"class_list":["post-29071","post","type-post","status-publish","format-standard","has-post-thumbnail","hentry","category-nacionales","category-politica","tag-caba","tag-criticas","tag-estados-unidos","tag-fmi","tag-fuerza-patria","tag-gobierno","tag-javier-milei","tag-mariano-recalde","tag-tesoro"],"_links":{"self":[{"href":"https:\/\/partediario.com.ar\/index.php?rest_route=\/wp\/v2\/posts\/29071","targetHints":{"allow":["GET"]}}],"collection":[{"href":"https:\/\/partediario.com.ar\/index.php?rest_route=\/wp\/v2\/posts"}],"about":[{"href":"https:\/\/partediario.com.ar\/index.php?rest_route=\/wp\/v2\/types\/post"}],"author":[{"embeddable":true,"href":"https:\/\/partediario.com.ar\/index.php?rest_route=\/wp\/v2\/users\/2"}],"replies":[{"embeddable":true,"href":"https:\/\/partediario.com.ar\/index.php?rest_route=%2Fwp%2Fv2%2Fcomments&post=29071"}],"version-history":[{"count":1,"href":"https:\/\/partediario.com.ar\/index.php?rest_route=\/wp\/v2\/posts\/29071\/revisions"}],"predecessor-version":[{"id":29073,"href":"https:\/\/partediario.com.ar\/index.php?rest_route=\/wp\/v2\/posts\/29071\/revisions\/29073"}],"wp:featuredmedia":[{"embeddable":true,"href":"https:\/\/partediario.com.ar\/index.php?rest_route=\/wp\/v2\/media\/29072"}],"wp:attachment":[{"href":"https:\/\/partediario.com.ar\/index.php?rest_route=%2Fwp%2Fv2%2Fmedia&parent=29071"}],"wp:term":[{"taxonomy":"category","embeddable":true,"href":"https:\/\/partediario.com.ar\/index.php?rest_route=%2Fwp%2Fv2%2Fcategories&post=29071"},{"taxonomy":"post_tag","embeddable":true,"href":"https:\/\/partediario.com.ar\/index.php?rest_route=%2Fwp%2Fv2%2Ftags&post=29071"}],"curies":[{"name":"wp","href":"https:\/\/api.w.org\/{rel}","templated":true}]}}