{"id":29077,"date":"2025-10-12T12:36:54","date_gmt":"2025-10-12T15:36:54","guid":{"rendered":"https:\/\/partediario.com.ar\/?p=29077"},"modified":"2025-10-14T11:48:54","modified_gmt":"2025-10-14T14:48:54","slug":"el-papa-leon-xiv-pidio-paz-en-ucrania-y-ve-una-chispa-de-esperanza-en-gaza","status":"publish","type":"post","link":"https:\/\/partediario.com.ar\/?p=29077","title":{"rendered":"El Papa Le\u00f3n XIV pidi\u00f3 paz en Ucrania y ve una \u00abchispa de esperanza\u00bb en Gaza"},"content":{"rendered":"\n<h2 class=\"wp-block-heading\">El Papa Le\u00f3n XIV pidi\u00f3 paz para Ucrania y lanz\u00f3 un nuevo llamamiento para \u201cponer fin a la violencia, abrirse al di\u00e1logo\u201d, paralelamente alent\u00f3 a las partes implicadas en Tierra Santa, donde ve una \u00abchispa de esperanza\u00bb luego del acuerdo de alto el fuego en Gaza.<\/h2>\n\n\n\n<p>Durante el \u00c1ngelus, despu\u00e9s de la misa por el Jubileo de la Espiritualidad Mariana, el Pont\u00edfice se hizo referencia a los dos principales conflictos en el mundo desde la plaza de San Pedro.<\/p>\n\n\n\n<p>El Papa inst\u00f3 a las partes involucradas en Oriente Medio a \u201cseguir con valent\u00eda el camino trazado\u201d hacia la paz. Sobre el acuerdo reciente en Tierra Santa, destac\u00f3 que \u201cha dado una chispa de esperanza\u201d y alent\u00f3 a continuar la senda hacia \u201cuna paz justa, duradera y respetuosa de las leg\u00edtimas aspiraciones del pueblo israel\u00ed y del pueblo palestino\u201d. El l\u00edder de la Iglesia Cat\u00f3lica acompa\u00f1\u00f3 su constante llamado a una \u201cpaz\u201d desarmada con una invitaci\u00f3n al \u201ccoraje\u201d para llevar adelante las aspiraciones de di\u00e1logo y dejar a un lado las armas.<\/p>\n\n\n\n<p>La mirada del Papa se pos\u00f3 adem\u00e1s sobre el presente de \u201cmuerte y escombros\u201d que producen los dos a\u00f1os de conflicto en Ucrania, refiri\u00e9ndose no solo a la destrucci\u00f3n f\u00edsica, sino tambi\u00e9n a la espiritual, \u201csobre todo en el coraz\u00f3n de quienes han perdido brutalmente a sus hijos, a sus padres, a sus amigos, a todo\u201d. A ellos les dirigi\u00f3 un mensaje de consuelo: \u201cCon toda la Iglesia, estoy cerca de vuestro inmenso dolor. Hoy, sobre todo a vosotros, se dirige la caricia del Se\u00f1or, la certeza de que, incluso en la oscuridad m\u00e1s profunda, \u00c9l permanece siempre con nosotros\u201d, se\u00f1al\u00f3.<\/p>\n\n\n\n<p>Le\u00f3n XIV asegur\u00f3 seguir \u201ccon dolor\u201d las noticias de los \u00abnuevos y violentos ataques que han afectado a varias ciudades e infraestructuras civiles en Ucrania, provocando la muerte de personas inocentes, entre ellas ni\u00f1os\u00bb. Su coraz\u00f3n, expres\u00f3, se un\u00eda \u201cal sufrimiento de la poblaci\u00f3n, que desde hace a\u00f1os vive en la angustia y la privaci\u00f3n\u201d.<\/p>\n\n\n\n<p>Ante esta situaci\u00f3n, exclam\u00f3: \u201c\u00a1Renuevo el llamamiento para poner fin a la violencia, detener la destrucci\u00f3n y abrirse al di\u00e1logo y a la paz!\u201d. Del Se\u00f1or, a quien llam\u00f3 \u201c\u00fanica Paz de la humanidad\u201d, invoc\u00f3 ayuda para \u201clograr lo que humanamente parece imposible: redescubrir que el otro no es un enemigo, sino un hermano al que mirar, perdonar y ofrecer la esperanza de la reconciliaci\u00f3n\u201d.<\/p>\n\n\n\n<p>El Papa se declar\u00f3 cercano al \u201cquerido\u201d pueblo de Per\u00fa, \u201cen este momento de transici\u00f3n pol\u00edtica\u201d y rez\u00f3 para que el pa\u00eds \u201cpueda continuar por el camino de la reconciliaci\u00f3n, el di\u00e1logo y la unidad nacional\u201d.<\/p>\n\n\n\n<p>Antes de finalizr en \u00c1ngelus, dedic\u00f3 un \u00faltimo pensamiento a las v\u00edctimas de los accidentes laborales, en el marco de una jornada conmemorativa en Italia. \u201cRecemos por ellos -dijo Le\u00f3n- y por la seguridad de todos los trabajadores\u201d, finaliz\u00f3.<\/p>\n","protected":false},"excerpt":{"rendered":"<p>El Papa Le&oacute;n XIV pidi&oacute; paz para Ucrania y lanz&oacute; un nuevo llamamiento para &ldquo;poner fin a la violencia, abrirse al di&aacute;logo&rdquo;, paralelamente alent&oacute; a las partes implicadas en Tierra Santa, donde ve una &laquo;chispa de esperanza&raquo; luego del acuerdo de alto el fuego en Gaza. Durante el &Aacute;ngelus, despu&eacute;s de la misa por el [&hellip;]<\/p>\n","protected":false},"author":2,"featured_media":29078,"comment_status":"closed","ping_status":"closed","sticky":false,"template":"","format":"standard","meta":{"footnotes":""},"categories":[9,726],"tags":[3764,6946,234,5914,421,921],"class_list":["post-29077","post","type-post","status-publish","format-standard","has-post-thumbnail","hentry","category-internacionales","category-sociedad","tag-angelus","tag-esperanza","tag-gaza","tag-papa-leon-xiv","tag-paz","tag-ucrania"],"_links":{"self":[{"href":"https:\/\/partediario.com.ar\/index.php?rest_route=\/wp\/v2\/posts\/29077","targetHints":{"allow":["GET"]}}],"collection":[{"href":"https:\/\/partediario.com.ar\/index.php?rest_route=\/wp\/v2\/posts"}],"about":[{"href":"https:\/\/partediario.com.ar\/index.php?rest_route=\/wp\/v2\/types\/post"}],"author":[{"embeddable":true,"href":"https:\/\/partediario.com.ar\/index.php?rest_route=\/wp\/v2\/users\/2"}],"replies":[{"embeddable":true,"href":"https:\/\/partediario.com.ar\/index.php?rest_route=%2Fwp%2Fv2%2Fcomments&post=29077"}],"version-history":[{"count":1,"href":"https:\/\/partediario.com.ar\/index.php?rest_route=\/wp\/v2\/posts\/29077\/revisions"}],"predecessor-version":[{"id":29079,"href":"https:\/\/partediario.com.ar\/index.php?rest_route=\/wp\/v2\/posts\/29077\/revisions\/29079"}],"wp:featuredmedia":[{"embeddable":true,"href":"https:\/\/partediario.com.ar\/index.php?rest_route=\/wp\/v2\/media\/29078"}],"wp:attachment":[{"href":"https:\/\/partediario.com.ar\/index.php?rest_route=%2Fwp%2Fv2%2Fmedia&parent=29077"}],"wp:term":[{"taxonomy":"category","embeddable":true,"href":"https:\/\/partediario.com.ar\/index.php?rest_route=%2Fwp%2Fv2%2Fcategories&post=29077"},{"taxonomy":"post_tag","embeddable":true,"href":"https:\/\/partediario.com.ar\/index.php?rest_route=%2Fwp%2Fv2%2Ftags&post=29077"}],"curies":[{"name":"wp","href":"https:\/\/api.w.org\/{rel}","templated":true}]}}