{"id":29080,"date":"2025-10-14T11:15:25","date_gmt":"2025-10-14T14:15:25","guid":{"rendered":"https:\/\/partediario.com.ar\/?p=29080"},"modified":"2025-10-17T08:50:34","modified_gmt":"2025-10-17T11:50:34","slug":"respaldo-de-los-gobernadores-de-provincias-unidas-a-lousteau-y-randazzo-en-acto-en-buenos-aires","status":"publish","type":"post","link":"https:\/\/partediario.com.ar\/?p=29080","title":{"rendered":"Respaldo de los gobernadores de Provincias Unidas a Lousteau y Randazzo en acto en Buenos Aires"},"content":{"rendered":"\n<h2 class=\"wp-block-heading\">Los gobernadores de Provincias Unidas llevar\u00e1n a cabo el mi\u00e9rcoles pr\u00f3ximo un acto en la ciudad de Buenos Aires para respaldar a Mart\u00edn Lousteau y Florencio Randazzo, que son candidatos con ese sello por la Ciudad y la provincia de Buenos Aires, respectivamente.<\/h2>\n\n\n\n<p>El acto se realizar\u00e1 a las 16 en la sede de Obras Sanitarias y ser\u00e1n oradores los mandatarios de ese espacio, adem\u00e1s de los propios Lousteau y Randazzo.<\/p>\n\n\n\n<p>Asistir\u00e1n adem\u00e1s los gobernadores Maximiliano Pullaro (Santa Fe), Mart\u00edn Llaryora (C\u00f3rdoba), Gustavo Vald\u00e9s (Corrientes), Carlos Sadir (Jujuy), Claudio Vidal (Santa Cruz) e Ignacio Torres (Chubut), que insistir\u00e1n en la necesidad de fortalecer la alternativa federal para romper la polarizaci\u00f3n entre el oficialismo y el kirchnerismo.<\/p>\n\n\n\n<p>Asistir\u00e1 tambi\u00e9n la primera candidata a senadora por la Ciudad, Graciela Oca\u00f1a, y el candidato a diputado de C\u00f3rdoba Juan Schiaretti.<\/p>\n\n\n\n<p>La campa\u00f1a del espacio comenz\u00f3 el mes pasado en R\u00edo Cuarto, donde Schiaretti tom\u00f3 el protagonismo, y posteriormente fue el turno de Santa Fe. En las \u00faltimas semanas hubo actos en Puerto Madryn, Chubut, y otro encuentro en Jujuy.<\/p>\n","protected":false},"excerpt":{"rendered":"<p>Los gobernadores de Provincias Unidas llevar&aacute;n a cabo el mi&eacute;rcoles pr&oacute;ximo un acto en la ciudad de Buenos Aires para respaldar a Mart&iacute;n Lousteau y Florencio Randazzo, que son candidatos con ese sello por la Ciudad y la provincia de Buenos Aires, respectivamente. El acto se realizar&aacute; a las 16 en la sede de Obras [&hellip;]<\/p>\n","protected":false},"author":2,"featured_media":29081,"comment_status":"closed","ping_status":"closed","sticky":false,"template":"","format":"standard","meta":{"footnotes":""},"categories":[5,176],"tags":[1208,1023,2806,6574],"class_list":["post-29080","post","type-post","status-publish","format-standard","has-post-thumbnail","hentry","category-nacionales","category-politica","tag-florencio-randazzo","tag-gobernadores","tag-martin-lousteau","tag-provincias-unidas"],"_links":{"self":[{"href":"https:\/\/partediario.com.ar\/index.php?rest_route=\/wp\/v2\/posts\/29080","targetHints":{"allow":["GET"]}}],"collection":[{"href":"https:\/\/partediario.com.ar\/index.php?rest_route=\/wp\/v2\/posts"}],"about":[{"href":"https:\/\/partediario.com.ar\/index.php?rest_route=\/wp\/v2\/types\/post"}],"author":[{"embeddable":true,"href":"https:\/\/partediario.com.ar\/index.php?rest_route=\/wp\/v2\/users\/2"}],"replies":[{"embeddable":true,"href":"https:\/\/partediario.com.ar\/index.php?rest_route=%2Fwp%2Fv2%2Fcomments&post=29080"}],"version-history":[{"count":1,"href":"https:\/\/partediario.com.ar\/index.php?rest_route=\/wp\/v2\/posts\/29080\/revisions"}],"predecessor-version":[{"id":29082,"href":"https:\/\/partediario.com.ar\/index.php?rest_route=\/wp\/v2\/posts\/29080\/revisions\/29082"}],"wp:featuredmedia":[{"embeddable":true,"href":"https:\/\/partediario.com.ar\/index.php?rest_route=\/wp\/v2\/media\/29081"}],"wp:attachment":[{"href":"https:\/\/partediario.com.ar\/index.php?rest_route=%2Fwp%2Fv2%2Fmedia&parent=29080"}],"wp:term":[{"taxonomy":"category","embeddable":true,"href":"https:\/\/partediario.com.ar\/index.php?rest_route=%2Fwp%2Fv2%2Fcategories&post=29080"},{"taxonomy":"post_tag","embeddable":true,"href":"https:\/\/partediario.com.ar\/index.php?rest_route=%2Fwp%2Fv2%2Ftags&post=29080"}],"curies":[{"name":"wp","href":"https:\/\/api.w.org\/{rel}","templated":true}]}}