{"id":29085,"date":"2025-10-14T11:22:47","date_gmt":"2025-10-14T14:22:47","guid":{"rendered":"https:\/\/partediario.com.ar\/?p=29085"},"modified":"2025-10-17T08:50:25","modified_gmt":"2025-10-17T11:50:25","slug":"se-dio-a-conocer-el-ipc-de-septiembre-que-habria-quebrado-la-racha-de-cuatro-meses-por-debajo-del-2","status":"publish","type":"post","link":"https:\/\/partediario.com.ar\/?p=29085","title":{"rendered":"Se dio a conocer el IPC de septiembre que habr\u00eda quebrado la racha de cuatro meses por debajo del 2%"},"content":{"rendered":"\n<h2 class=\"wp-block-heading\">El Instituto Nacional de Estad\u00edstica y Censos (INDEC), informar\u00e1 este martes el \u00cdndice de Precios al Consumidor (IPC) de septiembre, que habr\u00eda superado el 2%, exhibiendo una aceleraci\u00f3n sobre la medici\u00f3n previa y quebrando cuatro meses seguidos por debajo de ese umbral.<\/h2>\n\n\n\n<p>Luego de haber registrado una fuerte desaceleraci\u00f3n en mayo (1,5%) respecto a abril (2,8%) y marzo (3,7%), el \u00edndice inflacionario retom\u00f3 levemente la senda ascendente en junio (1,6%), julio y agosto (1,9% ambos), lo que se habr\u00eda profundizado en septiembre, seg\u00fan estiman los analistas privados.<\/p>\n\n\n\n<p>De este modo, el indicador que el organismo estad\u00edstico dar\u00e1 a conocer hoy martes 14 de octubre podr\u00eda significar el retorno a las cifras que superan el 2%, lo que se prev\u00e9 se sostenga por lo menos hasta el final del a\u00f1o.<\/p>\n\n\n\n<p>El Relevamiento de Expectativas de Mercado (REM), que elabora el Banco Central en base a las estimaciones privadas, previ\u00f3 que la inflaci\u00f3n del noveno mes del 2025 habr\u00eda estado en 2,1% y espera que la inflaci\u00f3n interanual cierre 2025 en 30%.<\/p>\n\n\n\n<p>A modo de anticipo, la inflaci\u00f3n de la Ciudad de Buenos Aires en el mes pasado alcanz\u00f3 el 2,2%, una notoria aceleraci\u00f3n frente al 1,6% de agosto. La variaci\u00f3n de precios en el territorio porte\u00f1o durante 2025 alcanza 22,7%, mientras que en un a\u00f1o subi\u00f3 35%.<\/p>\n\n\n\n<p>El reporte de Equilibra se\u00f1al\u00f3 que la inflaci\u00f3n mensual avanz\u00f3 el mes pasado al 2,3%, registrando los principales aumentos en los rubros prendas de vestir y calzados (3,6%), transporte (2,9%) restaurantes y hoteles (2,7%), educaci\u00f3n (2,3%) y recreaci\u00f3n y cultura (2,3%). La variaci\u00f3n interanual fue estimada en 32%.<\/p>\n\n\n\n<p>Por su partem EcoGo Consultores, estim\u00f3 que la inflaci\u00f3n del mes pasado alcanz\u00f3 el 2,3%, con una variaci\u00f3n promedio en alimentos y bebidas que trep\u00f3 al 2,9%, alertando sobre el impacto del d\u00f3lar en la medici\u00f3n general al asegurar que \u201csi bien el pass-through sigue acotado, se aceler\u00f3 con respecto a agosto y refleja, de forma parcial, el desancle de expectativas\u201d.<\/p>\n\n\n\n<p>En relaci\u00f3n a la din\u00e1mica de los precios en los alimentos, destac\u00f3 que se ubic\u00f3 0,5 puntos porcentuales por encima de lo registrado en agosto, se\u00f1alando que \u201cdurante las primeras dos semanas del mes, y tras la derrota electoral en PBA y la suba del d\u00f3lar, los alimentos anotaron subas semanales del 0,8% y 0,9%, ubic\u00e1ndose por encima del promedio\u201d. Aunque hacia el final del mes, la din\u00e1mica tendi\u00f3 a normalizarse, con subas por debajo del 0,5%. \u200b<\/p>\n\n\n\n<p>La Fundaci\u00f3n Libertad y Progreso se\u00f1al\u00f3 que la inflaci\u00f3n cerr\u00f3 en 2,4% en septiembre. De esta manera, en lo que va del a\u00f1o, la inflaci\u00f3n acumulada es del 22,4%, mientras que la variaci\u00f3n interanual se ubic\u00f3 en 32,2%, \u201cel nivel m\u00e1s bajo desde agosto de 2018\u201d.<\/p>\n\n\n\n<p>Desde Libertad y Progreso explicaron que \u201cen septiembre el tipo de cambio salt\u00f3 cerca de 8% respecto del promedio de agosto y comenzaron a trasladarse los aumentos a los precios, lo que llev\u00f3 al \u00edndice mensual nuevamente por encima del 2%\u201d.<\/p>\n\n\n\n<p>El relevamiento de precios minoristas de la consultora C&amp;T para la regi\u00f3n Gran Buenos Aires tuvo un incremento mensual de 2% el mes pasado, explicando que \u201clos componentes estacionales tuvieron un rol clave: indumentaria fue el rubor de mayor incremento, 4,7% mensual, un comportamiento habitual en septiembre por el cambio de temporada\u201d.<\/p>\n\n\n\n<p>En este marco, subrayaron que la variaci\u00f3n de precios de doce meses \u201cse redujo de 32,5% en agosto a 30,4% en septiembre, la menor desde junio de 2018\u201d.<\/p>\n","protected":false},"excerpt":{"rendered":"<p>El Instituto Nacional de Estad&iacute;stica y Censos (INDEC), informar&aacute; este martes el &Iacute;ndice de Precios al Consumidor (IPC) de septiembre, que habr&iacute;a superado el 2%, exhibiendo una aceleraci&oacute;n sobre la medici&oacute;n previa y quebrando cuatro meses seguidos por debajo de ese umbral. Luego de haber registrado una fuerte desaceleraci&oacute;n en mayo (1,5%) respecto a abril [&hellip;]<\/p>\n","protected":false},"author":2,"featured_media":29086,"comment_status":"closed","ping_status":"closed","sticky":false,"template":"","format":"standard","meta":{"footnotes":""},"categories":[5,176,726],"tags":[320,1552,2938],"class_list":["post-29085","post","type-post","status-publish","format-standard","has-post-thumbnail","hentry","category-nacionales","category-politica","category-sociedad","tag-indec","tag-ipc","tag-septiembre"],"_links":{"self":[{"href":"https:\/\/partediario.com.ar\/index.php?rest_route=\/wp\/v2\/posts\/29085","targetHints":{"allow":["GET"]}}],"collection":[{"href":"https:\/\/partediario.com.ar\/index.php?rest_route=\/wp\/v2\/posts"}],"about":[{"href":"https:\/\/partediario.com.ar\/index.php?rest_route=\/wp\/v2\/types\/post"}],"author":[{"embeddable":true,"href":"https:\/\/partediario.com.ar\/index.php?rest_route=\/wp\/v2\/users\/2"}],"replies":[{"embeddable":true,"href":"https:\/\/partediario.com.ar\/index.php?rest_route=%2Fwp%2Fv2%2Fcomments&post=29085"}],"version-history":[{"count":1,"href":"https:\/\/partediario.com.ar\/index.php?rest_route=\/wp\/v2\/posts\/29085\/revisions"}],"predecessor-version":[{"id":29087,"href":"https:\/\/partediario.com.ar\/index.php?rest_route=\/wp\/v2\/posts\/29085\/revisions\/29087"}],"wp:featuredmedia":[{"embeddable":true,"href":"https:\/\/partediario.com.ar\/index.php?rest_route=\/wp\/v2\/media\/29086"}],"wp:attachment":[{"href":"https:\/\/partediario.com.ar\/index.php?rest_route=%2Fwp%2Fv2%2Fmedia&parent=29085"}],"wp:term":[{"taxonomy":"category","embeddable":true,"href":"https:\/\/partediario.com.ar\/index.php?rest_route=%2Fwp%2Fv2%2Fcategories&post=29085"},{"taxonomy":"post_tag","embeddable":true,"href":"https:\/\/partediario.com.ar\/index.php?rest_route=%2Fwp%2Fv2%2Ftags&post=29085"}],"curies":[{"name":"wp","href":"https:\/\/api.w.org\/{rel}","templated":true}]}}