{"id":29146,"date":"2025-10-17T09:24:42","date_gmt":"2025-10-17T12:24:42","guid":{"rendered":"https:\/\/partediario.com.ar\/?p=29146"},"modified":"2025-10-18T19:27:39","modified_gmt":"2025-10-18T22:27:39","slug":"oficializaron-la-inscripcion-remota-de-vehiculos-nuevos-nacionales-o-importados","status":"publish","type":"post","link":"https:\/\/partediario.com.ar\/?p=29146","title":{"rendered":"Oficializaron la inscripci\u00f3n remota de veh\u00edculos nuevos nacionales o importados"},"content":{"rendered":"\n<h2 class=\"wp-block-heading\">El\u00a0<strong>Gobierno\u00a0<\/strong>oficializ\u00f3 hoy en el Bolet\u00edn Oficial la norma que dispuso que\u00a0<strong>las inscripciones o anotaciones de manera remota de veh\u00edculos nuevos tanto nacionales como importados<\/strong>, con el objetivo de facilitar el proceso administrativo.<\/h2>\n\n\n\n<p>Fue a trav\u00e9s del decreto 745\/2025 y ampar\u00e1ndose en el art\u00edculo 353 del decreto 70\/23, que dict\u00f3 el presidente&nbsp;<strong>Javier Milei&nbsp;<\/strong>en diciembre de 2023, a pocos d\u00edas de haber asumido, y que tuvo gran injerencia el ministro de Desregulaci\u00f3n y Transformaci\u00f3n del Estado,<strong>&nbsp;Federico Sturzenegger<\/strong>.<\/p>\n\n\n\n<p>Para concretarlo, la administraci\u00f3n nacional cre\u00f3 el Registro \u00danico Virtual (RUV), \u00aba fin de instrumentar de manera virtual las peticiones de inscripci\u00f3n de tr\u00e1mites referidos a bienes incluidos en el citado R\u00e9gimen Jur\u00eddico del Automotor\u00bb.<\/p>\n\n\n\n<p>\u00abEn una primera etapa, bajo esa modalidad se tramitar\u00edan las inscripciones iniciales de veh\u00edculos CERO KIL\u00d3METRO (0 Km) de fabricaci\u00f3n nacional e importados que cumplieran determinados requisitos, los cuales fueron detallados en su art\u00edculo 1\u00b0\u00bb, se\u00f1ala el texto.<\/p>\n\n\n\n<p>La modalidad, destaca, \u00ab<strong>permite en la actualidad una mayor y m\u00e1s eficiente interacci\u00f3n con las bases de datos de \u00e9ste y de otros organismos p\u00fablicos<\/strong>\u00ab.<\/p>\n\n\n\n<p>\u00abEsa circunstancia habilita que determinados controles que forman parte del proceso de calificaci\u00f3n registral sean validados de manera autom\u00e1tica por el sistema, mediante la interconexi\u00f3n con otras bases sist\u00e9micas oficiales a nivel nacional, asegurando la integridad, autenticidad y confiabilidad de la informaci\u00f3n, en consonancia con los principios de celeridad, econom\u00eda, eficacia y control que rigen la actividad administrativa\u00bb, expresa la publicaci\u00f3n oficial.<\/p>\n","protected":false},"excerpt":{"rendered":"<p>El&nbsp;Gobierno&nbsp;oficializ&oacute; hoy en el Bolet&iacute;n Oficial la norma que dispuso que&nbsp;las inscripciones o anotaciones de manera remota de veh&iacute;culos nuevos tanto nacionales como importados, con el objetivo de facilitar el proceso administrativo. Fue a trav&eacute;s del decreto 745\/2025 y ampar&aacute;ndose en el art&iacute;culo 353 del decreto 70\/23, que dict&oacute; el presidente&nbsp;Javier Milei&nbsp;en diciembre de 2023, [&hellip;]<\/p>\n","protected":false},"author":2,"featured_media":29147,"comment_status":"closed","ping_status":"closed","sticky":false,"template":"","format":"standard","meta":{"footnotes":""},"categories":[5,176],"tags":[2612,1484,5956,1794,232,1731,469,2613,6971,6973,6972],"class_list":["post-29146","post","type-post","status-publish","format-standard","has-post-thumbnail","hentry","category-nacionales","category-politica","tag-boletin","tag-federico-sturzenegger","tag-importados","tag-inscripcion","tag-javier-milei","tag-nacionales","tag-nuevos","tag-oficial","tag-remota","tag-ruv","tag-vehiculos"],"_links":{"self":[{"href":"https:\/\/partediario.com.ar\/index.php?rest_route=\/wp\/v2\/posts\/29146","targetHints":{"allow":["GET"]}}],"collection":[{"href":"https:\/\/partediario.com.ar\/index.php?rest_route=\/wp\/v2\/posts"}],"about":[{"href":"https:\/\/partediario.com.ar\/index.php?rest_route=\/wp\/v2\/types\/post"}],"author":[{"embeddable":true,"href":"https:\/\/partediario.com.ar\/index.php?rest_route=\/wp\/v2\/users\/2"}],"replies":[{"embeddable":true,"href":"https:\/\/partediario.com.ar\/index.php?rest_route=%2Fwp%2Fv2%2Fcomments&post=29146"}],"version-history":[{"count":1,"href":"https:\/\/partediario.com.ar\/index.php?rest_route=\/wp\/v2\/posts\/29146\/revisions"}],"predecessor-version":[{"id":29148,"href":"https:\/\/partediario.com.ar\/index.php?rest_route=\/wp\/v2\/posts\/29146\/revisions\/29148"}],"wp:featuredmedia":[{"embeddable":true,"href":"https:\/\/partediario.com.ar\/index.php?rest_route=\/wp\/v2\/media\/29147"}],"wp:attachment":[{"href":"https:\/\/partediario.com.ar\/index.php?rest_route=%2Fwp%2Fv2%2Fmedia&parent=29146"}],"wp:term":[{"taxonomy":"category","embeddable":true,"href":"https:\/\/partediario.com.ar\/index.php?rest_route=%2Fwp%2Fv2%2Fcategories&post=29146"},{"taxonomy":"post_tag","embeddable":true,"href":"https:\/\/partediario.com.ar\/index.php?rest_route=%2Fwp%2Fv2%2Ftags&post=29146"}],"curies":[{"name":"wp","href":"https:\/\/api.w.org\/{rel}","templated":true}]}}