{"id":29159,"date":"2025-10-18T19:00:44","date_gmt":"2025-10-18T22:00:44","guid":{"rendered":"https:\/\/partediario.com.ar\/?p=29159"},"modified":"2025-10-19T10:20:16","modified_gmt":"2025-10-19T13:20:16","slug":"milei-culpo-al-riesgo-kuka-por-la-suba-del-dolar-y-la-disparada-de-las-tasas-intentan-romper-todo-dijo","status":"publish","type":"post","link":"https:\/\/partediario.com.ar\/?p=29159","title":{"rendered":"Milei culp\u00f3 al \u201criesgo kuka\u201d por la suba del d\u00f3lar y la disparada de las tasas: \u201cIntentan romper todo\u201d, dijo"},"content":{"rendered":"\n<h2 class=\"wp-block-heading\">El presidente Javier Milei trat\u00f3 la creciente tensi\u00f3n en el mercado financiero, con tasas de inter\u00e9s de descubierto que rozaron el 260% y un d\u00f3lar vol\u00e1til, y achac\u00f3 la situaci\u00f3n a dos factores principales: el \u00abriesgo kuka\u00bb y un escenario de \u00abfin del mundo\u00bb fogoneado por la oposici\u00f3n.<\/h2>\n\n\n\n<p>En una entrevista con el periodista Gabriel Anello, el presidente afirm\u00f3 que la incertidumbre es producto de una estrategia pol\u00edtica para desestabilizar a su gobierno. \u00abSi usted de repente, el sistema pol\u00edtico empieza a torpedear e intenta mostrar actitudes golpistas y destituyentes, y tratan de romper todo\u2026 \u00bfeso qu\u00e9 es lo que pasa?\u00bb, se pregunt\u00f3.<\/p>\n\n\n\n<p>Para explicar la corrida hacia el d\u00f3lar, Milei utiliz\u00f3 una met\u00e1fora del economista Juan Carlos de Pablo: el \u00abmodelo Arca de No\u00e9\u00bb.<\/p>\n\n\n\n<p>\u00abTransitoriamente, \u00bfcu\u00e1l es el ticket para el Arca de No\u00e9?  El d\u00f3lar. Entonces va la gente y se refugia\u00bb, se\u00f1al\u00f3, enmarcando la dolarizaci\u00f3n como una b\u00fasqueda de resguardo temporal ante la inestabilidad pol\u00edtica.<\/p>\n\n\n\n<p><strong>La promesa post-electoral: \u00abTodo este ruido va a desaparecer\u00bb<\/strong><\/p>\n\n\n\n<p>A pesar del diagn\u00f3stico apocal\u00edptico, el Presidente se mostr\u00f3 confiado en que la calma retornar\u00e1 a los mercados una vez que pasen las elecciones legislativas del 26 de octubre. \u00abCuando usted mira el nivel de composici\u00f3n que tendr\u00edan las c\u00e1maras luego de la elecci\u00f3n, todo este ruido va a desaparecer\u00bb, anticip\u00f3.<\/p>\n\n\n\n<p>Milei fundament\u00f3 su optimismo en que La Libertad Avanza ser\u00e1 la fuerza que m\u00e1s legisladores ingrese en ambas c\u00e1maras, lo que le permitir\u00e1 \u00abhacer las alianzas no solo para poder defender los vetos, sino que tambi\u00e9n vamos a poder tener la composici\u00f3n de la C\u00e1mara para conseguir qu\u00f3rum\u00bb.<\/p>\n\n\n\n<p>El jefe de Estado defendi\u00f3 la solidez de su plan econ\u00f3mico, afirmando que ha soportado un \u00abasedio\u00bb del Congreso durante ocho meses. \u00ab\u00bfUsted recuerda algo en la historia argentina que durante 8 meses se haya podido soportar semejante asedio?\u00bb, cuestion\u00f3, y remarc\u00f3 que el d\u00f3lar, en promedio a $1.400, est\u00e1 \u00ablo mismo\u00bb que cuando asumi\u00f3 hace 20 meses.<\/p>\n\n\n\n<p>Finalmente, Milei indic\u00f3 qui\u00e9n est\u00e1 sosteniendo la demanda de d\u00f3lares en este contexto de \u00abmucha demanda y poca oferta\u00bb: \u00ab\u00bfQui\u00e9n est\u00e1 cubriendo el gap? El Tesoro de Estados Unidos, que adem\u00e1s es el due\u00f1o de las m\u00e1quinas de imprimir d\u00f3lares\u00bb, asegur\u00f3.<\/p>\n\n\n\n<p>Con ese respaldo, indic\u00f3: \u00abCon lo cual, como ver\u00e1, estamos tranquilos, estamos muy tranquilos\u00bb.<\/p>\n","protected":false},"excerpt":{"rendered":"<p>El presidente Javier Milei trat&oacute; la creciente tensi&oacute;n en el mercado financiero, con tasas de inter&eacute;s de descubierto que rozaron el 260% y un d&oacute;lar vol&aacute;til, y achac&oacute; la situaci&oacute;n a dos factores principales: el &laquo;riesgo kuka&raquo; y un escenario de &laquo;fin del mundo&raquo; fogoneado por la oposici&oacute;n. En una entrevista con el periodista Gabriel [&hellip;]<\/p>\n","protected":false},"author":2,"featured_media":29160,"comment_status":"closed","ping_status":"closed","sticky":false,"template":"","format":"standard","meta":{"footnotes":""},"categories":[5,176],"tags":[6981,1005,232,6979,5876,311],"class_list":["post-29159","post","type-post","status-publish","format-standard","has-post-thumbnail","hentry","category-nacionales","category-politica","tag-disparada","tag-dolar","tag-javier-milei","tag-riesgo-kuka","tag-suba","tag-tasas"],"_links":{"self":[{"href":"https:\/\/partediario.com.ar\/index.php?rest_route=\/wp\/v2\/posts\/29159","targetHints":{"allow":["GET"]}}],"collection":[{"href":"https:\/\/partediario.com.ar\/index.php?rest_route=\/wp\/v2\/posts"}],"about":[{"href":"https:\/\/partediario.com.ar\/index.php?rest_route=\/wp\/v2\/types\/post"}],"author":[{"embeddable":true,"href":"https:\/\/partediario.com.ar\/index.php?rest_route=\/wp\/v2\/users\/2"}],"replies":[{"embeddable":true,"href":"https:\/\/partediario.com.ar\/index.php?rest_route=%2Fwp%2Fv2%2Fcomments&post=29159"}],"version-history":[{"count":1,"href":"https:\/\/partediario.com.ar\/index.php?rest_route=\/wp\/v2\/posts\/29159\/revisions"}],"predecessor-version":[{"id":29161,"href":"https:\/\/partediario.com.ar\/index.php?rest_route=\/wp\/v2\/posts\/29159\/revisions\/29161"}],"wp:featuredmedia":[{"embeddable":true,"href":"https:\/\/partediario.com.ar\/index.php?rest_route=\/wp\/v2\/media\/29160"}],"wp:attachment":[{"href":"https:\/\/partediario.com.ar\/index.php?rest_route=%2Fwp%2Fv2%2Fmedia&parent=29159"}],"wp:term":[{"taxonomy":"category","embeddable":true,"href":"https:\/\/partediario.com.ar\/index.php?rest_route=%2Fwp%2Fv2%2Fcategories&post=29159"},{"taxonomy":"post_tag","embeddable":true,"href":"https:\/\/partediario.com.ar\/index.php?rest_route=%2Fwp%2Fv2%2Ftags&post=29159"}],"curies":[{"name":"wp","href":"https:\/\/api.w.org\/{rel}","templated":true}]}}