{"id":29162,"date":"2025-10-18T19:06:50","date_gmt":"2025-10-18T22:06:50","guid":{"rendered":"https:\/\/partediario.com.ar\/?p=29162"},"modified":"2025-10-20T08:33:29","modified_gmt":"2025-10-20T11:33:29","slug":"quien-es-el-cientifico-argentino-del-conicet-que-esta-desaparecido-en-alemania","status":"publish","type":"post","link":"https:\/\/partediario.com.ar\/?p=29162","title":{"rendered":"Qui\u00e9n es el cient\u00edfico argentino del CONICET que est\u00e1 desaparecido en Alemania"},"content":{"rendered":"\n<h2 class=\"wp-block-heading\">La comunidad cient\u00edfica argentina se encuentra en estado de conmoci\u00f3n por la desaparici\u00f3n del investigador cordob\u00e9s Alejandro Mat\u00edas Fracaroli, de 44 a\u00f1os, de quien no se tienen noticias desde el pasado lunes 13 de octubre en la ciudad de Karlsruhe, Alemania.<\/h2>\n\n\n\n<p>Fracaroli, un prestigioso cient\u00edfico del CONICET y docente de la Universidad Nacional de C\u00f3rdoba (UNC), fue visto por \u00faltima vez el lunes alrededor de las 19:00 (hora local), cuando sal\u00eda del Instituto T\u00e9cnico de Karlsruhe (KIT), donde se encontraba realizando una estancia de investigaci\u00f3n sobre nanotecnolog\u00eda.<\/p>\n\n\n\n<p>Seg\u00fan se pudo reconstruir, luego de finalizar su jornada laboral, Fracaroli abord\u00f3 un \u00f3mnibus para regresar a su casa y, desde ese momento, se le perdi\u00f3 completamente el rastro. Su familia ya radic\u00f3 la denuncia formal en la embajada argentina en Berl\u00edn y en el consulado de Frankfurt.<\/p>\n\n\n\n<p>Su pareja, Gabriela Furl\u00e1n, declar\u00f3 a medios de C\u00f3rdoba que tuvo una conversaci\u00f3n normal con \u00e9l ese mismo d\u00eda y no not\u00f3 \u00abnada raro\u00bb en su comportamiento. \u00abEl consulado argentino solicit\u00f3 formalmente la colaboraci\u00f3n de las autoridades alemanas\u00bb, seg\u00fan inform\u00f3 la mujer.<\/p>\n\n\n\n<p>Fracaroli es un destacado integrante del Departamento de Qu\u00edmica Org\u00e1nica de la UNC y del Instituto de Investigaciones en F\u00edsico-Qu\u00edmica de C\u00f3rdoba (INFIQC), y su especialidad es el desarrollo de telas nanosc\u00f3picas con aplicaciones industriales.<\/p>\n\n\n\n<p><\/p>\n\n\n\n<figure class=\"wp-block-image size-full\"><img loading=\"lazy\" decoding=\"async\" width=\"482\" height=\"720\" src=\"https:\/\/partediario.com.ar\/wp-content\/uploads\/Cientifico-Desaparecido-Alemania.webp\" alt=\"\" class=\"wp-image-29163\" srcset=\"https:\/\/partediario.com.ar\/wp-content\/uploads\/Cientifico-Desaparecido-Alemania.webp 482w, https:\/\/partediario.com.ar\/wp-content\/uploads\/Cientifico-Desaparecido-Alemania-201x300.webp 201w\" sizes=\"auto, (max-width: 482px) 100vw, 482px\" \/><\/figure>\n\n\n\n<p><\/p>\n\n\n\n<p>El CONICET de C\u00f3rdoba se sum\u00f3 a la b\u00fasqueda y difundi\u00f3 su imagen en redes sociales con un mensaje clave: \u00abSu nombre es Alejandro Mat\u00edas Fracaroli, es de C\u00f3rdoba, Argentina, y se encuentra desaparecido desde el lunes 13 de octubre en la ciudad de Karlsruhe, Alemania, o en zonas cercanas. Podr\u00eda estar desorientado y no ser plenamente consciente de su situaci\u00f3n actual\u00bb, se\u00f1alaron.<\/p>\n\n\n\n<p>Para aportar cualquier dato sobre su paradero, se dieron a conocer los n\u00fameros de contacto +34 634 64 10 75 (espa\u00f1ol) y +49 155 6058 7656 (ingl\u00e9s o alem\u00e1n).<\/p>\n","protected":false},"excerpt":{"rendered":"<p>La comunidad cient&iacute;fica argentina se encuentra en estado de conmoci&oacute;n por la desaparici&oacute;n del investigador cordob&eacute;s Alejandro Mat&iacute;as Fracaroli, de 44 a&ntilde;os, de quien no se tienen noticias desde el pasado lunes 13 de octubre en la ciudad de Karlsruhe, Alemania. Fracaroli, un prestigioso cient&iacute;fico del CONICET y docente de la Universidad Nacional de C&oacute;rdoba [&hellip;]<\/p>\n","protected":false},"author":2,"featured_media":29164,"comment_status":"closed","ping_status":"closed","sticky":false,"template":"","format":"standard","meta":{"footnotes":""},"categories":[9,726],"tags":[6983,779,6982,3117,698],"class_list":["post-29162","post","type-post","status-publish","format-standard","has-post-thumbnail","hentry","category-internacionales","category-sociedad","tag-alejandro-matias-fracaroli","tag-alemania","tag-cientifico","tag-conicet","tag-desaparecido"],"_links":{"self":[{"href":"https:\/\/partediario.com.ar\/index.php?rest_route=\/wp\/v2\/posts\/29162","targetHints":{"allow":["GET"]}}],"collection":[{"href":"https:\/\/partediario.com.ar\/index.php?rest_route=\/wp\/v2\/posts"}],"about":[{"href":"https:\/\/partediario.com.ar\/index.php?rest_route=\/wp\/v2\/types\/post"}],"author":[{"embeddable":true,"href":"https:\/\/partediario.com.ar\/index.php?rest_route=\/wp\/v2\/users\/2"}],"replies":[{"embeddable":true,"href":"https:\/\/partediario.com.ar\/index.php?rest_route=%2Fwp%2Fv2%2Fcomments&post=29162"}],"version-history":[{"count":1,"href":"https:\/\/partediario.com.ar\/index.php?rest_route=\/wp\/v2\/posts\/29162\/revisions"}],"predecessor-version":[{"id":29165,"href":"https:\/\/partediario.com.ar\/index.php?rest_route=\/wp\/v2\/posts\/29162\/revisions\/29165"}],"wp:featuredmedia":[{"embeddable":true,"href":"https:\/\/partediario.com.ar\/index.php?rest_route=\/wp\/v2\/media\/29164"}],"wp:attachment":[{"href":"https:\/\/partediario.com.ar\/index.php?rest_route=%2Fwp%2Fv2%2Fmedia&parent=29162"}],"wp:term":[{"taxonomy":"category","embeddable":true,"href":"https:\/\/partediario.com.ar\/index.php?rest_route=%2Fwp%2Fv2%2Fcategories&post=29162"},{"taxonomy":"post_tag","embeddable":true,"href":"https:\/\/partediario.com.ar\/index.php?rest_route=%2Fwp%2Fv2%2Ftags&post=29162"}],"curies":[{"name":"wp","href":"https:\/\/api.w.org\/{rel}","templated":true}]}}