{"id":29187,"date":"2025-10-20T08:11:55","date_gmt":"2025-10-20T11:11:55","guid":{"rendered":"https:\/\/partediario.com.ar\/?p=29187"},"modified":"2025-10-21T11:42:02","modified_gmt":"2025-10-21T14:42:02","slug":"el-gobierno-felicito-a-rodrigo-paz-tras-su-triunfo-en-las-elecciones-de-bolivia","status":"publish","type":"post","link":"https:\/\/partediario.com.ar\/?p=29187","title":{"rendered":"El Gobierno felicit\u00f3 a Rodrigo Paz tras su triunfo en las elecciones de Bolivia"},"content":{"rendered":"\n<h2 class=\"wp-block-heading\">El Gobierno de Javier Milei felicit\u00f3 al economista y senador Rodrigo Paz Pereira, por su triunfo en la segunda vuelta presidencial en Bolivia, y salud\u00f3 al pueblo de ese pa\u00eds por \u00abuna jornada ejemplar que reafirma el valor de la libertad, la democracia y el respeto a las instituciones republicanas\u00bb.<\/h2>\n\n\n\n<p>La Canciller\u00eda de Argentina emiti\u00f3 un comunicado en el que se\u00f1ala que su pa\u00eds \u00abcelebra la expresi\u00f3n libre y soberana del pueblo de Bolivia y conf\u00eda en que esta nueva etapa contribuya al fortalecimiento de la convivencia democr\u00e1tica y al bienestar de todos los bolivianos\u00bb.<\/p>\n\n\n\n<p>\u00abArgentina renueva su compromiso de seguir trabajando junto al nuevo Gobierno boliviano para construir una relaci\u00f3n cercana y constructiva, orientada a la prosperidad y la estabilidad de nuestros pueblos y de toda la regi\u00f3n\u00bb, a\u00f1adi\u00f3 el Ministerio de Relaciones Exteriores.<\/p>\n\n\n\n<p>Paz Pereira, de 58 a\u00f1os, se consolid\u00f3 este domingo como el ganador de la segunda vuelta presidencial en Bolivia, con el 54,55 por ciento de los votos, tras el 97,6 por ciento del conteo r\u00e1pido del Tribunal Supremo Electoral.<\/p>\n\n\n\n<p>Paz, de tendencia liberal moderada, junto a su compa\u00f1ero de f\u00f3rmula, Edman Lara, logr\u00f3 imponerse por nueve puntos al exmandatario Jorge Quiroga, de la alianza Libre, que alcanz\u00f3 una votaci\u00f3n del 45,44 por ciento.<\/p>\n\n\n\n<p>El nuevo presidente electo asumir\u00e1 el cargo el pr\u00f3ximo 8 de noviembre para el per\u00edodo 2025-2030.<\/p>\n","protected":false},"excerpt":{"rendered":"<p>El Gobierno de Javier Milei felicit&oacute; al economista y senador Rodrigo Paz Pereira, por su triunfo en la segunda vuelta presidencial en Bolivia, y salud&oacute; al pueblo de ese pa&iacute;s por &laquo;una jornada ejemplar que reafirma el valor de la libertad, la democracia y el respeto a las instituciones republicanas&raquo;. La Canciller&iacute;a de Argentina emiti&oacute; [&hellip;]<\/p>\n","protected":false},"author":2,"featured_media":29188,"comment_status":"closed","ping_status":"closed","sticky":false,"template":"","format":"standard","meta":{"footnotes":""},"categories":[9,176],"tags":[2067,1093,1955,6997,224,6998],"class_list":["post-29187","post","type-post","status-publish","format-standard","has-post-thumbnail","hentry","category-internacionales","category-politica","tag-argentino","tag-bolivia","tag-elecciones","tag-felicitaciones","tag-gobierno","tag-rodrigo-paz-pereira"],"_links":{"self":[{"href":"https:\/\/partediario.com.ar\/index.php?rest_route=\/wp\/v2\/posts\/29187","targetHints":{"allow":["GET"]}}],"collection":[{"href":"https:\/\/partediario.com.ar\/index.php?rest_route=\/wp\/v2\/posts"}],"about":[{"href":"https:\/\/partediario.com.ar\/index.php?rest_route=\/wp\/v2\/types\/post"}],"author":[{"embeddable":true,"href":"https:\/\/partediario.com.ar\/index.php?rest_route=\/wp\/v2\/users\/2"}],"replies":[{"embeddable":true,"href":"https:\/\/partediario.com.ar\/index.php?rest_route=%2Fwp%2Fv2%2Fcomments&post=29187"}],"version-history":[{"count":1,"href":"https:\/\/partediario.com.ar\/index.php?rest_route=\/wp\/v2\/posts\/29187\/revisions"}],"predecessor-version":[{"id":29189,"href":"https:\/\/partediario.com.ar\/index.php?rest_route=\/wp\/v2\/posts\/29187\/revisions\/29189"}],"wp:featuredmedia":[{"embeddable":true,"href":"https:\/\/partediario.com.ar\/index.php?rest_route=\/wp\/v2\/media\/29188"}],"wp:attachment":[{"href":"https:\/\/partediario.com.ar\/index.php?rest_route=%2Fwp%2Fv2%2Fmedia&parent=29187"}],"wp:term":[{"taxonomy":"category","embeddable":true,"href":"https:\/\/partediario.com.ar\/index.php?rest_route=%2Fwp%2Fv2%2Fcategories&post=29187"},{"taxonomy":"post_tag","embeddable":true,"href":"https:\/\/partediario.com.ar\/index.php?rest_route=%2Fwp%2Fv2%2Ftags&post=29187"}],"curies":[{"name":"wp","href":"https:\/\/api.w.org\/{rel}","templated":true}]}}