{"id":29193,"date":"2025-10-20T08:26:16","date_gmt":"2025-10-20T11:26:16","guid":{"rendered":"https:\/\/partediario.com.ar\/?p=29193"},"modified":"2025-10-21T11:41:56","modified_gmt":"2025-10-21T14:41:56","slug":"juan-grabois-insta-a-fred-machado-para-que-hable-no-tengas-miedo-conta-todo","status":"publish","type":"post","link":"https:\/\/partediario.com.ar\/?p=29193","title":{"rendered":"Juan Grabois insta a Fred Machado para que hable: \u201cNo tengas miedo, cont\u00e1 todo\u201d"},"content":{"rendered":"\n<h2 class=\"wp-block-heading\">El esc\u00e1ndalo por las explosivas amenazas del empresario Fred Machado sum\u00f3 un nuevo y resonante cap\u00edtulo. El dirigente social Juan Grabois se meti\u00f3 con todo en la pol\u00e9mica y en su cuenta de X, le envi\u00f3 un contundente e ins\u00f3lito mensaje al financista narco, le pidi\u00f3 que cuente todo lo que sabe, aseverando que su testimonio podr\u00eda derrumbar la \u00abestructura pol\u00edtico-criminal\u00bb que lo rodeaba.<\/h2>\n\n\n\n<p><\/p>\n\n\n\n<blockquote class=\"twitter-tweet\"><p lang=\"es\" dir=\"ltr\">Es justo que hables, Machado, es necesario y tal vez incluso repares un poco el da\u00f1o que hicieron. No tengas miedo. Hacelo.<br><br>Es verdad que si habl\u00e1s se cae algo; se viene abajo la estructura politico-criminal que integrabas y te solt\u00f3 la mano.<br><br>\u00a1Qu\u00e9 bueno ser\u00eda para el pa\u00eds que\u2026 <a href=\"https:\/\/t.co\/VQUeXpPMbg\">pic.twitter.com\/VQUeXpPMbg<\/a><\/p>&mdash; Juan Grabois (@JuanGrabois) <a href=\"https:\/\/twitter.com\/JuanGrabois\/status\/1980056377482760448?ref_src=twsrc%5Etfw\">October 19, 2025<\/a><\/blockquote> <script async src=\"https:\/\/platform.twitter.com\/widgets.js\" charset=\"utf-8\"><\/script>\n\n\n\n<p><\/p>\n\n\n\n<p>Grabois public\u00f3 un mensaje en su cuenta de X (ex Twitter), en el que se dirigi\u00f3 directamente a Machado. \u00abEs justo que hables, Machado, es necesario y tal vez incluso repares un poco el da\u00f1o que hicieron. No tengas miedo. Hacelo\u00bb, poste\u00f3 el dirigente.<\/p>\n\n\n\n<p>El mensaje m\u00e1s fuerte lleg\u00f3 a continuaci\u00f3n: \u00abEs verdad que si hablas se cae algo; se viene abajo la estructura politico-criminal que integrabas y te solt\u00f3 la mano\u00bb, asegur\u00f3 Grabois, haci\u00e9ndose eco de la amenaza del propio Machado, quien antes de ser extraditado afirm\u00f3: \u00abYo hablo y se cae el pa\u00eds ma\u00f1ana\u00bb.<\/p>\n\n\n\n<p>En su tuit, el l\u00edder del MTE comparti\u00f3 un fragmento de la nota de Noticias Argentinas donde se revelaba el supuesto mensaje de Machado al asesor presidencial Santiago Caputo y su fr\u00eda respuesta: \u00abMensaje recibido\u00bb.<\/p>\n\n\n\n<p>Sin embargo, Grabois puso un l\u00edmite a las advertencias del empresario: \u00abPero no te confundas, Machado, no se va a caer el pa\u00eds. A este pa\u00eds no lo tira nadie. No lo tira Trump, mucho menos Milei, Caputo, Bullrich, Espert o vos\u00bb, sentenci\u00f3. Y finaliz\u00f3: \u00abAunque la quieran de rodillas, Argentina siempre va a estar de pie\u00bb.<\/p>\n","protected":false},"excerpt":{"rendered":"<p>El esc&aacute;ndalo por las explosivas amenazas del empresario Fred Machado sum&oacute; un nuevo y resonante cap&iacute;tulo. El dirigente social Juan Grabois se meti&oacute; con todo en la pol&eacute;mica y en su cuenta de X, le envi&oacute; un contundente e ins&oacute;lito mensaje al financista narco, le pidi&oacute; que cuente todo lo que sabe, aseverando que su [&hellip;]<\/p>\n","protected":false},"author":2,"featured_media":29194,"comment_status":"closed","ping_status":"closed","sticky":false,"template":"","format":"standard","meta":{"footnotes":""},"categories":[5,176],"tags":[6932,232,395],"class_list":["post-29193","post","type-post","status-publish","format-standard","has-post-thumbnail","hentry","category-nacionales","category-politica","tag-federico-machado","tag-javier-milei","tag-juan-grabois"],"_links":{"self":[{"href":"https:\/\/partediario.com.ar\/index.php?rest_route=\/wp\/v2\/posts\/29193","targetHints":{"allow":["GET"]}}],"collection":[{"href":"https:\/\/partediario.com.ar\/index.php?rest_route=\/wp\/v2\/posts"}],"about":[{"href":"https:\/\/partediario.com.ar\/index.php?rest_route=\/wp\/v2\/types\/post"}],"author":[{"embeddable":true,"href":"https:\/\/partediario.com.ar\/index.php?rest_route=\/wp\/v2\/users\/2"}],"replies":[{"embeddable":true,"href":"https:\/\/partediario.com.ar\/index.php?rest_route=%2Fwp%2Fv2%2Fcomments&post=29193"}],"version-history":[{"count":1,"href":"https:\/\/partediario.com.ar\/index.php?rest_route=\/wp\/v2\/posts\/29193\/revisions"}],"predecessor-version":[{"id":29195,"href":"https:\/\/partediario.com.ar\/index.php?rest_route=\/wp\/v2\/posts\/29193\/revisions\/29195"}],"wp:featuredmedia":[{"embeddable":true,"href":"https:\/\/partediario.com.ar\/index.php?rest_route=\/wp\/v2\/media\/29194"}],"wp:attachment":[{"href":"https:\/\/partediario.com.ar\/index.php?rest_route=%2Fwp%2Fv2%2Fmedia&parent=29193"}],"wp:term":[{"taxonomy":"category","embeddable":true,"href":"https:\/\/partediario.com.ar\/index.php?rest_route=%2Fwp%2Fv2%2Fcategories&post=29193"},{"taxonomy":"post_tag","embeddable":true,"href":"https:\/\/partediario.com.ar\/index.php?rest_route=%2Fwp%2Fv2%2Ftags&post=29193"}],"curies":[{"name":"wp","href":"https:\/\/api.w.org\/{rel}","templated":true}]}}