{"id":29196,"date":"2025-10-20T08:32:51","date_gmt":"2025-10-20T11:32:51","guid":{"rendered":"https:\/\/partediario.com.ar\/?p=29196"},"modified":"2025-10-21T11:41:52","modified_gmt":"2025-10-21T14:41:52","slug":"bullrich-rubricara-un-acuerdo-historico-de-cooperacion-con-el-fbi","status":"publish","type":"post","link":"https:\/\/partediario.com.ar\/?p=29196","title":{"rendered":"Bullrich rubricar\u00e1 un \u201cacuerdo hist\u00f3rico\u201d de cooperaci\u00f3n con el FBI"},"content":{"rendered":"\n<h2 class=\"wp-block-heading\">La ministra de Seguridad Nacional, Patricia Bullrich, firmar\u00e1 hoy un \u201cacuerdo hist\u00f3rico\u201d de cooperaci\u00f3n con el FBI y se suman nuevas medidas que tom\u00f3 el Gobierno luego del acercamiento con Estados Unidos.<\/h2>\n\n\n\n<p>El encuentro ser\u00e1 este lunes 20 de octubre a las 16.30 en el Ministerio de Seguridad Nacional, ubicado sobre la avenida Gelly y Obes al 2289, en el barrio porte\u00f1o de Recoleta.<\/p>\n\n\n\n<p>Seg\u00fan trascendi\u00f3, dicha convocatoria es por la firma de un \u201cacuerdo hist\u00f3rico de cooperaci\u00f3n en materia de seguridad con el FBI\u201d y el cual est\u00e1 orientado al fortalecimiento del Departamento Federal de Investigaciones (DFI).<\/p>\n\n\n\n<p>A mediados de agosto de este a\u00f1o se cre\u00f3 al DFI, una nueva estructura operativa destinada a fortalecer y especializar la lucha contra el crimen organizado en todo el pa\u00eds.<\/p>\n\n\n\n<p>Dicho proyecto se orienta a la investigaci\u00f3n criminal de delitos complejos como: narcotr\u00e1fico, terrorismo, trata de personas, corrupci\u00f3n, delitos financieros y crimen organizado transnacional.<\/p>\n","protected":false},"excerpt":{"rendered":"<p>La ministra de Seguridad Nacional, Patricia Bullrich, firmar&aacute; hoy un &ldquo;acuerdo hist&oacute;rico&rdquo; de cooperaci&oacute;n con el FBI y se suman nuevas medidas que tom&oacute; el Gobierno luego del acercamiento con Estados Unidos. El encuentro ser&aacute; este lunes 20 de octubre a las 16.30 en el Ministerio de Seguridad Nacional, ubicado sobre la avenida Gelly y [&hellip;]<\/p>\n","protected":false},"author":2,"featured_media":29197,"comment_status":"closed","ping_status":"closed","sticky":false,"template":"","format":"standard","meta":{"footnotes":""},"categories":[5,176],"tags":[1108,7000,5508,510],"class_list":["post-29196","post","type-post","status-publish","format-standard","has-post-thumbnail","hentry","category-nacionales","category-politica","tag-acuerdo","tag-dfi","tag-fbi","tag-patricia-bullrich"],"_links":{"self":[{"href":"https:\/\/partediario.com.ar\/index.php?rest_route=\/wp\/v2\/posts\/29196","targetHints":{"allow":["GET"]}}],"collection":[{"href":"https:\/\/partediario.com.ar\/index.php?rest_route=\/wp\/v2\/posts"}],"about":[{"href":"https:\/\/partediario.com.ar\/index.php?rest_route=\/wp\/v2\/types\/post"}],"author":[{"embeddable":true,"href":"https:\/\/partediario.com.ar\/index.php?rest_route=\/wp\/v2\/users\/2"}],"replies":[{"embeddable":true,"href":"https:\/\/partediario.com.ar\/index.php?rest_route=%2Fwp%2Fv2%2Fcomments&post=29196"}],"version-history":[{"count":1,"href":"https:\/\/partediario.com.ar\/index.php?rest_route=\/wp\/v2\/posts\/29196\/revisions"}],"predecessor-version":[{"id":29198,"href":"https:\/\/partediario.com.ar\/index.php?rest_route=\/wp\/v2\/posts\/29196\/revisions\/29198"}],"wp:featuredmedia":[{"embeddable":true,"href":"https:\/\/partediario.com.ar\/index.php?rest_route=\/wp\/v2\/media\/29197"}],"wp:attachment":[{"href":"https:\/\/partediario.com.ar\/index.php?rest_route=%2Fwp%2Fv2%2Fmedia&parent=29196"}],"wp:term":[{"taxonomy":"category","embeddable":true,"href":"https:\/\/partediario.com.ar\/index.php?rest_route=%2Fwp%2Fv2%2Fcategories&post=29196"},{"taxonomy":"post_tag","embeddable":true,"href":"https:\/\/partediario.com.ar\/index.php?rest_route=%2Fwp%2Fv2%2Ftags&post=29196"}],"curies":[{"name":"wp","href":"https:\/\/api.w.org\/{rel}","templated":true}]}}