{"id":29199,"date":"2025-10-20T08:43:00","date_gmt":"2025-10-20T11:43:00","guid":{"rendered":"https:\/\/partediario.com.ar\/?p=29199"},"modified":"2025-10-21T11:41:49","modified_gmt":"2025-10-21T14:41:49","slug":"alemania-encontraron-sin-vida-en-un-arroyo-al-investigador-cordobes-del-conicet-que-se-encontraba-desaparecido","status":"publish","type":"post","link":"https:\/\/partediario.com.ar\/?p=29199","title":{"rendered":"Alemania: encontraron sin vida en un arroyo al investigador cordob\u00e9s del Conicet que se encontraba desaparecido"},"content":{"rendered":"\n<h2 class=\"wp-block-heading\">Alejandro Mat\u00edas Fracaroli, el cient\u00edfico cordob\u00e9s que estaba desaparecido desde el lunes pasado, fue encontrado muerto en un arroyo de la ciudad alemana de Karlsruhe.<\/h2>\n\n\n\n<p>El cuerpo sin vida del docente de la Universidad Nacional de C\u00f3rdoba (UNC), fue detectado a las 12:15 hora local en el interior de un arroyo del \u00e1rea boscosa de Karlsruhe-Rintheim, seg\u00f1un se\u00f1ala un comunicado oficial.<\/p>\n\n\n\n<p>Fracaroli, de 44 a\u00f1os, habr\u00eda ca\u00eddo por causas a\u00fan no determinadas al curso de aguas y se habr\u00eda ahogado. No obstante las circunstancias en las que se produjo el deceso todav\u00eda son investigadas.<\/p>\n\n\n\n<p><strong>Qui\u00e9n era Alejandro Mat\u00edas Fracaroli<\/strong><\/p>\n\n\n\n<p>Fracaroli era investigador del Conicet, del Instituto de Investigaciones en F\u00edsica y Qu\u00edmica (INFIQC) y docente de la Facultad de Ciencias Qu\u00edmicas de la Universidad Nacional de C\u00f3rdoba (UNC).<\/p>\n\n\n\n<p>El profesor hab\u00eda llegado en septiembre a la ciudad alemana de Karlsruhe para llevar adelante una investigaci\u00f3n en el \u00e1rea de Qu\u00edmica en el Instituto de Tecnolog\u00eda de esa ciudad alemana, ubicada en la zona sur del pa\u00eds europeo.<\/p>\n\n\n\n<p><strong>Hondo pesar<\/strong><\/p>\n\n\n\n<p>\u201cToda la comunidad cient\u00edfica que lo conoc\u00eda mucho a Alejandro, estamos todos muy conmovidos\u201d, dijo d\u00edas atr\u00e1s M\u00f3nica Balzarini, directora del Conicet C\u00f3rdoba.<\/p>\n\n\n\n<p>\u00abEsperando que se resuelvan los pr\u00f3ximos pasos, acompa\u00f1ando a la familia\u00bb, a\u00f1adi\u00f3 en declaraciones radiales.<\/p>\n\n\n\n<p>\u201c\u00c9l hab\u00eda viajado por tres meses por unas investigaciones en nanotecnolog\u00eda en este instituto muy prestigioso que trabaja materiales nanosc\u00f3picos\u201d, agreg\u00f3 Balzarini.<\/p>\n\n\n\n<p>\u00abEstaba en un pico de su carrera. Un gran cient\u00edfico con mucho tiempo de formaci\u00f3n, y tambi\u00e9n una gran persona, muy compa\u00f1ero de todo su equipo en el instituto que \u00e9l trabajaba, en el INFIQC\u00bb, finaliz\u00f3 Balzarini.<\/p>\n\n\n\n<p>El Centro de Estudiantes de la Facultad de Ciencias Qu\u00edmicas despidi\u00f3 al profesor con un conmomedor mensaje.<\/p>\n\n\n\n<p>\u201cDesde el centro de estudiantes lamentamos profundamente el fallecimiento del Dr. Alejandro Fracaroli, se desempe\u00f1\u00f3 con compromiso y vocaci\u00f3n su rol de docente y cient\u00edfico en nuestra facultad, tuvimos la fortuna de conocerlo, compartir con \u00e9l y que nos acompa\u00f1ara mano a mano en actividades que hemos hecho\u201d, se\u00f1ala una publicaci\u00f3n de Instagram.<\/p>\n\n\n\n<p>\u00abSu trayectoria acad\u00e9mica, su calidez humana y su dedicaci\u00f3n dejar\u00e1n una marca imborrable en quienes compartimos con \u00e9l caminos y visiones a lo largo del tiempo. Acompa\u00f1amos a su familia, amigos y colegas en este dif\u00edcil momento\u201d, concluye el mensaje.<\/p>\n","protected":false},"excerpt":{"rendered":"<p>Alejandro Mat&iacute;as Fracaroli, el cient&iacute;fico cordob&eacute;s que estaba desaparecido desde el lunes pasado, fue encontrado muerto en un arroyo de la ciudad alemana de Karlsruhe. El cuerpo sin vida del docente de la Universidad Nacional de C&oacute;rdoba (UNC), fue detectado a las 12:15 hora local en el interior de un arroyo del &aacute;rea boscosa de [&hellip;]<\/p>\n","protected":false},"author":2,"featured_media":29200,"comment_status":"closed","ping_status":"closed","sticky":false,"template":"","format":"standard","meta":{"footnotes":""},"categories":[9,7,726],"tags":[6983,779,6982,3117,7002,725],"class_list":["post-29199","post","type-post","status-publish","format-standard","has-post-thumbnail","hentry","category-internacionales","category-policiales","category-sociedad","tag-alejandro-matias-fracaroli","tag-alemania","tag-cientifico","tag-conicet","tag-karlsruhe","tag-muerto"],"_links":{"self":[{"href":"https:\/\/partediario.com.ar\/index.php?rest_route=\/wp\/v2\/posts\/29199","targetHints":{"allow":["GET"]}}],"collection":[{"href":"https:\/\/partediario.com.ar\/index.php?rest_route=\/wp\/v2\/posts"}],"about":[{"href":"https:\/\/partediario.com.ar\/index.php?rest_route=\/wp\/v2\/types\/post"}],"author":[{"embeddable":true,"href":"https:\/\/partediario.com.ar\/index.php?rest_route=\/wp\/v2\/users\/2"}],"replies":[{"embeddable":true,"href":"https:\/\/partediario.com.ar\/index.php?rest_route=%2Fwp%2Fv2%2Fcomments&post=29199"}],"version-history":[{"count":1,"href":"https:\/\/partediario.com.ar\/index.php?rest_route=\/wp\/v2\/posts\/29199\/revisions"}],"predecessor-version":[{"id":29201,"href":"https:\/\/partediario.com.ar\/index.php?rest_route=\/wp\/v2\/posts\/29199\/revisions\/29201"}],"wp:featuredmedia":[{"embeddable":true,"href":"https:\/\/partediario.com.ar\/index.php?rest_route=\/wp\/v2\/media\/29200"}],"wp:attachment":[{"href":"https:\/\/partediario.com.ar\/index.php?rest_route=%2Fwp%2Fv2%2Fmedia&parent=29199"}],"wp:term":[{"taxonomy":"category","embeddable":true,"href":"https:\/\/partediario.com.ar\/index.php?rest_route=%2Fwp%2Fv2%2Fcategories&post=29199"},{"taxonomy":"post_tag","embeddable":true,"href":"https:\/\/partediario.com.ar\/index.php?rest_route=%2Fwp%2Fv2%2Ftags&post=29199"}],"curies":[{"name":"wp","href":"https:\/\/api.w.org\/{rel}","templated":true}]}}