{"id":2921,"date":"2024-06-20T09:10:20","date_gmt":"2024-06-20T12:10:20","guid":{"rendered":"https:\/\/partediario.com.ar\/?p=2921"},"modified":"2024-06-20T09:10:21","modified_gmt":"2024-06-20T12:10:21","slug":"clima-en-entre-rios-se-pronostica-un-fin-de-semana-extra-largo-con-presencia-de-niebla-y-nubosidad-variable","status":"publish","type":"post","link":"https:\/\/partediario.com.ar\/?p=2921","title":{"rendered":"Clima en Entre R\u00edos: se pronostica un fin de semana extra largo con presencia de niebla y nubosidad variable"},"content":{"rendered":"\n<h3 class=\"wp-block-heading\">El tiempo en Entre R\u00edos durante gran parte del finde semana XL estar\u00e1 templado, sin embargo podr\u00edan presentarse lluvias y descenso de las temperaturas.<\/h3>\n\n\n\n<p>Desde el Servicio Meteorol\u00f3gico Nacional (SMN), indican la presencia de niebla por la ma\u00f1ana en las rutas especialmente zonas del centro y este del pa\u00eds, poni\u00e9ndo \u00e9nfasis en el cuidado para circulas con estas condiciones climatol\u00f3gicas.<\/p>\n\n\n\n<p>En la regi\u00f3n del Litoral argentino, pero especialmente la zona del NEA, se anuncian algunas lluvias y tormentas intensas sobre Misiones, Corrientes y la parte este de Formosa.<\/p>\n\n\n\n<p>\u201cLos momentos clave del fin de semana para esta regi\u00f3n son el jueves y el domingo, d\u00edas en los que se prev\u00e9 que se desarrollen las principales precipitaciones en la regi\u00f3n, con algunas tormentas fuertes pero puntuales\u201d, precis\u00f3s el meteor\u00f3logo, Leonardo De Benedictis.<\/p>\n\n\n\n<p>Y explic\u00f3 que \u201cestas precipitaciones se dar\u00e1n de manera intermitente, con algunas mejoras temporarias\u201d, seg\u00fan public\u00f3 en Meteored.<\/p>\n\n\n\n<p>En Entre R\u00edos se pronostica para hoy cielo mayormente nublado, no se descarta alg\u00fan chaparr\u00f3n a la tarde, con una temperatura m\u00e1xima de 20 grados y una m\u00ednima de 11.<\/p>\n\n\n\n<p>La probabilidad de lloviznas se mantendr\u00e1 el viernes a la ma\u00f1ana y, posteriormente, la nubosidad se mantendr\u00eda, por lo tanto los registros t\u00e9rmicos podr\u00edan rozar los 21 grados.<\/p>\n\n\n\n<p>El s\u00e1bado seguir\u00e1 mayormente nublado y templado, con temperaturas de hasta 22 grados. Por la tarde el viento cambiar\u00eda al sur y comenzar\u00eda de este modo un descenso t\u00e9rmico.<\/p>\n\n\n\n<p>Mientras que para el domingo se aguardan 16 grados de m\u00e1xima, con una importante presencia de nubes en el cielo.<\/p>\n","protected":false},"excerpt":{"rendered":"<p>El tiempo en Entre R&iacute;os durante gran parte del finde semana XL estar&aacute; templado, sin embargo podr&iacute;an presentarse lluvias y descenso de las temperaturas. Desde el Servicio Meteorol&oacute;gico Nacional (SMN), indican la presencia de niebla por la ma&ntilde;ana en las rutas especialmente zonas del centro y este del pa&iacute;s, poni&eacute;ndo &eacute;nfasis en el cuidado para [&hellip;]<\/p>\n","protected":false},"author":2,"featured_media":2922,"comment_status":"open","ping_status":"open","sticky":false,"template":"","format":"standard","meta":{"footnotes":""},"categories":[8],"tags":[267,257],"class_list":["post-2921","post","type-post","status-publish","format-standard","has-post-thumbnail","hentry","category-provinciales","tag-clima","tag-entre-rios"],"_links":{"self":[{"href":"https:\/\/partediario.com.ar\/index.php?rest_route=\/wp\/v2\/posts\/2921","targetHints":{"allow":["GET"]}}],"collection":[{"href":"https:\/\/partediario.com.ar\/index.php?rest_route=\/wp\/v2\/posts"}],"about":[{"href":"https:\/\/partediario.com.ar\/index.php?rest_route=\/wp\/v2\/types\/post"}],"author":[{"embeddable":true,"href":"https:\/\/partediario.com.ar\/index.php?rest_route=\/wp\/v2\/users\/2"}],"replies":[{"embeddable":true,"href":"https:\/\/partediario.com.ar\/index.php?rest_route=%2Fwp%2Fv2%2Fcomments&post=2921"}],"version-history":[{"count":1,"href":"https:\/\/partediario.com.ar\/index.php?rest_route=\/wp\/v2\/posts\/2921\/revisions"}],"predecessor-version":[{"id":2923,"href":"https:\/\/partediario.com.ar\/index.php?rest_route=\/wp\/v2\/posts\/2921\/revisions\/2923"}],"wp:featuredmedia":[{"embeddable":true,"href":"https:\/\/partediario.com.ar\/index.php?rest_route=\/wp\/v2\/media\/2922"}],"wp:attachment":[{"href":"https:\/\/partediario.com.ar\/index.php?rest_route=%2Fwp%2Fv2%2Fmedia&parent=2921"}],"wp:term":[{"taxonomy":"category","embeddable":true,"href":"https:\/\/partediario.com.ar\/index.php?rest_route=%2Fwp%2Fv2%2Fcategories&post=2921"},{"taxonomy":"post_tag","embeddable":true,"href":"https:\/\/partediario.com.ar\/index.php?rest_route=%2Fwp%2Fv2%2Ftags&post=2921"}],"curies":[{"name":"wp","href":"https:\/\/api.w.org\/{rel}","templated":true}]}}