{"id":29237,"date":"2025-10-23T10:20:34","date_gmt":"2025-10-23T13:20:34","guid":{"rendered":"https:\/\/partediario.com.ar\/?p=29237"},"modified":"2025-10-25T11:16:02","modified_gmt":"2025-10-25T14:16:02","slug":"nueva-renuncia-en-el-gabinete-libertario-mariano-cuneo-libarona-deja-el-ministerio-de-justicia","status":"publish","type":"post","link":"https:\/\/partediario.com.ar\/?p=29237","title":{"rendered":"Nueva renuncia en el gabinete libertario: Mariano C\u00faneo Libarona deja el Ministerio de Justicia"},"content":{"rendered":"\n<h2 class=\"wp-block-heading\">El ministro de Seguridad, Mariano C\u00faneo Libarona, dejar\u00e1 el cargo al frente del Ministerio de Seguridad el pr\u00f3ximo lunes, despu\u00e9s que La Libertad Avanza (LLA) se mida el pr\u00f3ximo domingo contra Fuerza Patria por la composici\u00f3n del Congreso Nacional.<\/h2>\n\n\n\n<p>\u00abEl lunes se va. Ahora empez\u00f3 su propio relato\u00bb, destac\u00f3 una importante fuente oficial. De este modo, la salida de C\u00faneo se suma a la del hasta entonces canciller Gerardo Werthein, quien envi\u00f3 su renuncia con fecha del lunes 27 de octubre.<\/p>\n\n\n\n<p>Noticia en desarrollo\u2026<\/p>\n","protected":false},"excerpt":{"rendered":"<p>El ministro de Seguridad, Mariano C&uacute;neo Libarona, dejar&aacute; el cargo al frente del Ministerio de Seguridad el pr&oacute;ximo lunes, despu&eacute;s que La Libertad Avanza (LLA) se mida el pr&oacute;ximo domingo contra Fuerza Patria por la composici&oacute;n del Congreso Nacional. &laquo;El lunes se va. Ahora empez&oacute; su propio relato&raquo;, destac&oacute; una importante fuente oficial. De este [&hellip;]<\/p>\n","protected":false},"author":2,"featured_media":29238,"comment_status":"closed","ping_status":"closed","sticky":false,"template":"","format":"standard","meta":{"footnotes":""},"categories":[5,176],"tags":[1270,378],"class_list":["post-29237","post","type-post","status-publish","format-standard","has-post-thumbnail","hentry","category-nacionales","category-politica","tag-mariano-cuneo-libarona","tag-renuncia"],"_links":{"self":[{"href":"https:\/\/partediario.com.ar\/index.php?rest_route=\/wp\/v2\/posts\/29237","targetHints":{"allow":["GET"]}}],"collection":[{"href":"https:\/\/partediario.com.ar\/index.php?rest_route=\/wp\/v2\/posts"}],"about":[{"href":"https:\/\/partediario.com.ar\/index.php?rest_route=\/wp\/v2\/types\/post"}],"author":[{"embeddable":true,"href":"https:\/\/partediario.com.ar\/index.php?rest_route=\/wp\/v2\/users\/2"}],"replies":[{"embeddable":true,"href":"https:\/\/partediario.com.ar\/index.php?rest_route=%2Fwp%2Fv2%2Fcomments&post=29237"}],"version-history":[{"count":1,"href":"https:\/\/partediario.com.ar\/index.php?rest_route=\/wp\/v2\/posts\/29237\/revisions"}],"predecessor-version":[{"id":29239,"href":"https:\/\/partediario.com.ar\/index.php?rest_route=\/wp\/v2\/posts\/29237\/revisions\/29239"}],"wp:featuredmedia":[{"embeddable":true,"href":"https:\/\/partediario.com.ar\/index.php?rest_route=\/wp\/v2\/media\/29238"}],"wp:attachment":[{"href":"https:\/\/partediario.com.ar\/index.php?rest_route=%2Fwp%2Fv2%2Fmedia&parent=29237"}],"wp:term":[{"taxonomy":"category","embeddable":true,"href":"https:\/\/partediario.com.ar\/index.php?rest_route=%2Fwp%2Fv2%2Fcategories&post=29237"},{"taxonomy":"post_tag","embeddable":true,"href":"https:\/\/partediario.com.ar\/index.php?rest_route=%2Fwp%2Fv2%2Ftags&post=29237"}],"curies":[{"name":"wp","href":"https:\/\/api.w.org\/{rel}","templated":true}]}}