{"id":29240,"date":"2025-10-23T10:40:22","date_gmt":"2025-10-23T13:40:22","guid":{"rendered":"https:\/\/partediario.com.ar\/?p=29240"},"modified":"2025-10-25T11:15:58","modified_gmt":"2025-10-25T14:15:58","slug":"elecciones-legislativas-milei-cierra-en-rosario-y-kicillof-hace-lo-propio-junto-a-taiana-y-massa-en-san-martin","status":"publish","type":"post","link":"https:\/\/partediario.com.ar\/?p=29240","title":{"rendered":"Elecciones legislativas: Milei cierra en Rosario y Kicillof hace lo propio junto a Taiana y Massa en San Mart\u00edn"},"content":{"rendered":"\n<h2 class=\"wp-block-heading\">El presidente Javier Milei concluye este jueves en la ciudad de Rosario, Santa Fe, la campa\u00f1a de La Libertad Avanza (LLA) para las elecciones legislativas del domingo pr\u00f3ximo.<\/h2>\n\n\n\n<p>Tras haber pasado la jornada de su cumplea\u00f1os numero 55 sin agenda oficial y con una celebraci\u00f3n \u00edntima en la Residencia de Olivos, Milei se prepara para ponerle punto final a las actividades proselitistas con un caravana en el parque Espa\u00f1a de la ciudad santafesina.<\/p>\n\n\n\n<p>El presidente hab\u00eda encabezado el martes \u00faltimo una caravana en el centro de la ciudad de C\u00f3rdoba, donde pidi\u00f3 a los votantes no ir hacia \u201cla esclavitud populista del kirchnerismo\u201d.<\/p>\n\n\n\n<p>En esa ciudad, Milei dio un mensaje con un meg\u00e1fono sobre la parte trasera de una camioneta, junto a la presidenta de La Libertad Avanza (LLA), Karina Milei, y el candidato a diputado nacional por C\u00f3rdoba Gonzalo Roca.<\/p>\n\n\n\n<p>Se aguarda que en Rosario el Presidente comience la caravana alrededor de las 19, cuando volver\u00e1 a mostrarse cercano a la militancia y buscar\u00e1 sumar los \u00faltimos votos de cara a la elecci\u00f3n del domingo.<\/p>\n\n\n\n<p>El oficialismo aguarda con expectativa los resultados de la contienda electoral de medio t\u00e9rmino, que ser\u00e1 un momento bisagra en su administraci\u00f3n y marcar\u00e1 el rumbo econ\u00f3mico del pa\u00eds, en medio de vaivenes con el d\u00f3lar, entre otras cuestiones.<\/p>\n\n\n\n<p><strong>El cierre de Fuerza Patria<\/strong><\/p>\n\n\n\n<p>El gobernador bonaerense, Axel Kicillof, y el referente del Frente Renovador, Sergio Massa, cerrar\u00e1n este jueves la campa\u00f1a bonaerense de Fuerza Patria en San Mart\u00edn con un acto junto a jubilados, PyMEs, universitarios, mujeres y trabajadores de la obra p\u00fablica.<\/p>\n\n\n\n<p>Si bien el peronismo se encamina al final del raid proselitista sin un acto de gran calibre, fuentes partidarias se\u00f1alaron que el encuentro en la UNSAM servir\u00e1 para rematar la campa\u00f1a provincial.<\/p>\n\n\n\n<p>En el acto que se realizar\u00e1 en esa localidad se espera por la presencia del candidato a diputado nacional por la provincia de Buenos Aires Jorge Taiana y el ministro de Infraestructura bonaerense, Gabriel Katopodis.<\/p>\n\n\n\n<p>Tambi\u00e9n asistir\u00e1n a ese municipio de la Primera Secci\u00f3n electoral para participar de ese encuentro diversidades y trabajadores del INTI, INTA y CNEA, entre otros sectores.<\/p>\n\n\n\n<p>La actividad en San Mart\u00edn se enmarca en la serie de \u201cmini actos\u201d de cierre de Fuerza Patria, y del que forman parte tambi\u00e9n las visitas de Kicillof y candidatos del espacio a las localidades de Almirante Brown y Berazategui.<\/p>\n\n\n\n<p>En esos municipios, el gobernador y los postulantes del frente aprovechar\u00e1n nuevamente las actividades de gesti\u00f3n bonaerense para dar el punto final a la campa\u00f1a electoral, como ocurri\u00f3 para las elecciones provinciales del 7 de septiembre.<\/p>\n\n\n\n<p>En Almirante Brown, Kicillof finalizar\u00e1 la capacitaci\u00f3n de fiscales de Fuerza Patria y m\u00e1s tarde se presentar\u00e1 en la escuela de polic\u00eda Juan Vucetich de Berazategui, para concluir en San Mart\u00edn.<\/p>\n\n\n\n<p>Para integrar ese itinerario de cierre se cursaron invitaciones a todos los candidatos de la alianza, por lo que se aguarda adem\u00e1s por la presencia de Jimena L\u00f3pez, Juan Grabois y Sergio Palazzo, entre otros.<\/p>\n\n\n\n<p>Pero hay otro gesto que busca reeditar la elecci\u00f3n provincial: desde la alianza peronista confirmaron que el b\u00fanker bonaerense se llevar\u00e1 a cabo en tierras platenses y, aunque todav\u00eda no hay luz verde oficial, todo se\u00f1ala que la locaci\u00f3n volver\u00e1 a ser el Hotel Gran Brizo.<\/p>\n","protected":false},"excerpt":{"rendered":"<p>El presidente Javier Milei concluye este jueves en la ciudad de Rosario, Santa Fe, la campa&ntilde;a de La Libertad Avanza (LLA) para las elecciones legislativas del domingo pr&oacute;ximo. Tras haber pasado la jornada de su cumplea&ntilde;os numero 55 sin agenda oficial y con una celebraci&oacute;n &iacute;ntima en la Residencia de Olivos, Milei se prepara para [&hellip;]<\/p>\n","protected":false},"author":2,"featured_media":29241,"comment_status":"closed","ping_status":"closed","sticky":false,"template":"","format":"standard","meta":{"footnotes":""},"categories":[5,176],"tags":[7015,705,232,6783,706,1079,1705],"class_list":["post-29240","post","type-post","status-publish","format-standard","has-post-thumbnail","hentry","category-nacionales","category-politica","tag-axel-kicollof","tag-campana","tag-javier-milei","tag-jorge-taiana","tag-rosario","tag-san-martin","tag-sergio-massa"],"_links":{"self":[{"href":"https:\/\/partediario.com.ar\/index.php?rest_route=\/wp\/v2\/posts\/29240","targetHints":{"allow":["GET"]}}],"collection":[{"href":"https:\/\/partediario.com.ar\/index.php?rest_route=\/wp\/v2\/posts"}],"about":[{"href":"https:\/\/partediario.com.ar\/index.php?rest_route=\/wp\/v2\/types\/post"}],"author":[{"embeddable":true,"href":"https:\/\/partediario.com.ar\/index.php?rest_route=\/wp\/v2\/users\/2"}],"replies":[{"embeddable":true,"href":"https:\/\/partediario.com.ar\/index.php?rest_route=%2Fwp%2Fv2%2Fcomments&post=29240"}],"version-history":[{"count":1,"href":"https:\/\/partediario.com.ar\/index.php?rest_route=\/wp\/v2\/posts\/29240\/revisions"}],"predecessor-version":[{"id":29242,"href":"https:\/\/partediario.com.ar\/index.php?rest_route=\/wp\/v2\/posts\/29240\/revisions\/29242"}],"wp:featuredmedia":[{"embeddable":true,"href":"https:\/\/partediario.com.ar\/index.php?rest_route=\/wp\/v2\/media\/29241"}],"wp:attachment":[{"href":"https:\/\/partediario.com.ar\/index.php?rest_route=%2Fwp%2Fv2%2Fmedia&parent=29240"}],"wp:term":[{"taxonomy":"category","embeddable":true,"href":"https:\/\/partediario.com.ar\/index.php?rest_route=%2Fwp%2Fv2%2Fcategories&post=29240"},{"taxonomy":"post_tag","embeddable":true,"href":"https:\/\/partediario.com.ar\/index.php?rest_route=%2Fwp%2Fv2%2Ftags&post=29240"}],"curies":[{"name":"wp","href":"https:\/\/api.w.org\/{rel}","templated":true}]}}