{"id":29243,"date":"2025-10-24T14:08:23","date_gmt":"2025-10-24T17:08:23","guid":{"rendered":"https:\/\/partediario.com.ar\/?p=29243"},"modified":"2025-10-24T14:08:23","modified_gmt":"2025-10-24T17:08:23","slug":"santa-elena-avanzan-las-obras-en-la-costanera-norte","status":"publish","type":"post","link":"https:\/\/partediario.com.ar\/?p=29243","title":{"rendered":"Santa Elena: avanzan las obras en la Costanera Norte"},"content":{"rendered":"\n<h2 class=\"wp-block-heading\">Contin\u00faan los trabajos de construcci\u00f3n y extensi\u00f3n de la Costanera Norte, una obra estrat\u00e9gica que permitir\u00e1 interconectar el Anfiteatro Municipal con las costas santaelenenses.<\/h2>\n\n\n\n<p>as obras incluyen tareas de nivelaci\u00f3n, apertura de traza, construcci\u00f3n de veredas y acondicionamiento del espacio p\u00fablico, con el objetivo de ampliar los circuitos tur\u00edsticos y recreativos de la ciudad.<\/p>\n\n\n\n<p><\/p>\n\n\n\n<figure class=\"wp-block-image size-large\"><img loading=\"lazy\" decoding=\"async\" width=\"768\" height=\"1024\" src=\"https:\/\/partediario.com.ar\/wp-content\/uploads\/571099272_1250237153814704_2206587564774673664_n-768x1024.jpg\" alt=\"\" class=\"wp-image-29244\" srcset=\"https:\/\/partediario.com.ar\/wp-content\/uploads\/571099272_1250237153814704_2206587564774673664_n-768x1024.jpg 768w, https:\/\/partediario.com.ar\/wp-content\/uploads\/571099272_1250237153814704_2206587564774673664_n-225x300.jpg 225w, https:\/\/partediario.com.ar\/wp-content\/uploads\/571099272_1250237153814704_2206587564774673664_n.jpg 900w\" sizes=\"auto, (max-width: 768px) 100vw, 768px\" \/><\/figure>\n\n\n\n<p><\/p>\n\n\n\n<figure class=\"wp-block-image size-large\"><img loading=\"lazy\" decoding=\"async\" width=\"768\" height=\"1024\" src=\"https:\/\/partediario.com.ar\/wp-content\/uploads\/572107881_1250237150481371_4516804466310703374_n-768x1024.jpg\" alt=\"\" class=\"wp-image-29245\" srcset=\"https:\/\/partediario.com.ar\/wp-content\/uploads\/572107881_1250237150481371_4516804466310703374_n-768x1024.jpg 768w, https:\/\/partediario.com.ar\/wp-content\/uploads\/572107881_1250237150481371_4516804466310703374_n-225x300.jpg 225w, https:\/\/partediario.com.ar\/wp-content\/uploads\/572107881_1250237150481371_4516804466310703374_n.jpg 900w\" sizes=\"auto, (max-width: 768px) 100vw, 768px\" \/><\/figure>\n\n\n\n<p><\/p>\n\n\n\n<p>De cara a una nueva temporada, el proyecto forma parte del plan de desarrollo urbano impulsado por el Gobierno Municipal de Santa Elena, orientado a recuperar y poner en valor la ribera como uno de los principales atractivos naturales de la ciudad.<\/p>\n","protected":false},"excerpt":{"rendered":"<p>Contin&uacute;an los trabajos de construcci&oacute;n y extensi&oacute;n de la Costanera Norte, una obra estrat&eacute;gica que permitir&aacute; interconectar el Anfiteatro Municipal con las costas santaelenenses. as obras incluyen tareas de nivelaci&oacute;n, apertura de traza, construcci&oacute;n de veredas y acondicionamiento del espacio p&uacute;blico, con el objetivo de ampliar los circuitos tur&iacute;sticos y recreativos de la ciudad. De [&hellip;]<\/p>\n","protected":false},"author":2,"featured_media":29246,"comment_status":"closed","ping_status":"closed","sticky":false,"template":"","format":"standard","meta":{"footnotes":""},"categories":[3272,8],"tags":[3394,3965,330,207],"class_list":["post-29243","post","type-post","status-publish","format-standard","has-post-thumbnail","hentry","category-municipales","category-provinciales","tag-costanera","tag-norte","tag-obras","tag-santa-elena"],"_links":{"self":[{"href":"https:\/\/partediario.com.ar\/index.php?rest_route=\/wp\/v2\/posts\/29243","targetHints":{"allow":["GET"]}}],"collection":[{"href":"https:\/\/partediario.com.ar\/index.php?rest_route=\/wp\/v2\/posts"}],"about":[{"href":"https:\/\/partediario.com.ar\/index.php?rest_route=\/wp\/v2\/types\/post"}],"author":[{"embeddable":true,"href":"https:\/\/partediario.com.ar\/index.php?rest_route=\/wp\/v2\/users\/2"}],"replies":[{"embeddable":true,"href":"https:\/\/partediario.com.ar\/index.php?rest_route=%2Fwp%2Fv2%2Fcomments&post=29243"}],"version-history":[{"count":1,"href":"https:\/\/partediario.com.ar\/index.php?rest_route=\/wp\/v2\/posts\/29243\/revisions"}],"predecessor-version":[{"id":29247,"href":"https:\/\/partediario.com.ar\/index.php?rest_route=\/wp\/v2\/posts\/29243\/revisions\/29247"}],"wp:featuredmedia":[{"embeddable":true,"href":"https:\/\/partediario.com.ar\/index.php?rest_route=\/wp\/v2\/media\/29246"}],"wp:attachment":[{"href":"https:\/\/partediario.com.ar\/index.php?rest_route=%2Fwp%2Fv2%2Fmedia&parent=29243"}],"wp:term":[{"taxonomy":"category","embeddable":true,"href":"https:\/\/partediario.com.ar\/index.php?rest_route=%2Fwp%2Fv2%2Fcategories&post=29243"},{"taxonomy":"post_tag","embeddable":true,"href":"https:\/\/partediario.com.ar\/index.php?rest_route=%2Fwp%2Fv2%2Ftags&post=29243"}],"curies":[{"name":"wp","href":"https:\/\/api.w.org\/{rel}","templated":true}]}}