{"id":29256,"date":"2025-10-25T11:00:18","date_gmt":"2025-10-25T14:00:18","guid":{"rendered":"https:\/\/partediario.com.ar\/?p=29256"},"modified":"2025-10-26T10:22:43","modified_gmt":"2025-10-26T13:22:43","slug":"limitaciones-en-el-servicio-del-ferrocarril-roca-y-mas-de-30-mil-usuarios-sin-luz-tras-el-temporal","status":"publish","type":"post","link":"https:\/\/partediario.com.ar\/?p=29256","title":{"rendered":"Limitaciones en el servicio del Ferrocarril Roca y m\u00e1s de 30 mil usuarios sin luz tras el temporal"},"content":{"rendered":"\n<h2 class=\"wp-block-heading\">Las impactantes lluvias ca\u00eddas sobre la Ciudad de Buenos Aires y el conurbano provoc\u00f3 fuertes afectaciones en los servicios de transporte y energ\u00eda el\u00e9ctrica, impactando a decenas de miles de usuarios y limitando la circulaci\u00f3n.<\/h2>\n\n\n\n<p>En cuanto al transporte ferroviario, el servicio del ramal Ezeiza del tren Roca se vio limitado, cubriendo solo el tramo Plaza Constituci\u00f3n-Temperley y Llavallol-Ezeiza. La interrupci\u00f3n se debi\u00f3 al anegamiento de las v\u00edas en la localidad de Turdera. El ramal Ca\u00f1uelas-Lobos tampoco opera debido a \u201cobras programadas en la traza\u201d.<\/p>\n\n\n\n<p>En el \u00e1mbito de la energ\u00eda el\u00e9ctrica, alrededor de las 10 de la ma\u00f1ana se contabilizaban m\u00e1s de 30 mil usuarios sin suministro. El Ente Nacional Regulador de la Electricidad (ENRE), comunic\u00f3 que los afectados ascend\u00edan a 33.059: 11.462 correspondientes a la empresa Edenor y 21.597 a Edesur.<\/p>\n\n\n\n<p>Estos inconvenientes se sumaron a los anegamientos en la Avenida General Paz, que qued\u00f3 bajo agua luego de la ca\u00edda de 100 mil\u00edmetros de agua en dos horas.<\/p>\n\n\n\n<p>Juan Salari, secretario de Mantenimiento Urbano de la Ciudad de Buenos Aires, se\u00f1al\u00f3 que el agua comenz\u00f3 a bajar y que \u201cel caudal del arroyo Medrano ya lo tenemos al 98%\u201d, lo que produce un alivio en la zona.<\/p>\n\n\n\n<p>Sin embargo, el ministro de Infraestructura y Movilidad, Pablo Bereciartua, indic\u00f3 previamente que la situaci\u00f3n en la General Paz \u201ces muy grave\u201d y que los barrios m\u00e1s afectados en CABA eran Villa Devoto, Villa Pueyrred\u00f3n y Liniers.<\/p>\n\n\n\n<p><\/p>\n\n\n\n<figure class=\"wp-block-embed is-type-wp-embed is-provider-incrustado wp-block-embed-incrustado\"><div class=\"wp-block-embed__wrapper\">\n<blockquote class=\"wp-embedded-content\" data-secret=\"c27tMxEEJg\"><a href=\"https:\/\/partediario.com.ar\/?p=29251\">La General Paz est\u00e1 inundada: hay alerta naranja por tormentas<\/a><\/blockquote><iframe loading=\"lazy\" class=\"wp-embedded-content\" sandbox=\"allow-scripts\" security=\"restricted\" style=\"position: absolute; visibility: hidden;\" title=\"&#8220;La General Paz est\u00e1 inundada: hay alerta naranja por tormentas&#8221; &#8212; \" src=\"https:\/\/partediario.com.ar\/?p=29251&#038;embed=true#?secret=prueKB0g7e#?secret=c27tMxEEJg\" data-secret=\"c27tMxEEJg\" width=\"600\" height=\"338\" frameborder=\"0\" marginwidth=\"0\" marginheight=\"0\" scrolling=\"no\"><\/iframe>\n<\/div><\/figure>\n\n\n\n<p><\/p>\n\n\n\n<p><\/p>\n","protected":false},"excerpt":{"rendered":"<p>Las impactantes lluvias ca&iacute;das sobre la Ciudad de Buenos Aires y el conurbano provoc&oacute; fuertes afectaciones en los servicios de transporte y energ&iacute;a el&eacute;ctrica, impactando a decenas de miles de usuarios y limitando la circulaci&oacute;n. En cuanto al transporte ferroviario, el servicio del ramal Ezeiza del tren Roca se vio limitado, cubriendo solo el tramo [&hellip;]<\/p>\n","protected":false},"author":2,"featured_media":29257,"comment_status":"closed","ping_status":"closed","sticky":false,"template":"","format":"standard","meta":{"footnotes":""},"categories":[5,726],"tags":[2186,388,7018,4055,7019],"class_list":["post-29256","post","type-post","status-publish","format-standard","has-post-thumbnail","hentry","category-nacionales","category-sociedad","tag-amba","tag-caba","tag-ferrocaril","tag-inundaciones","tag-roca"],"_links":{"self":[{"href":"https:\/\/partediario.com.ar\/index.php?rest_route=\/wp\/v2\/posts\/29256","targetHints":{"allow":["GET"]}}],"collection":[{"href":"https:\/\/partediario.com.ar\/index.php?rest_route=\/wp\/v2\/posts"}],"about":[{"href":"https:\/\/partediario.com.ar\/index.php?rest_route=\/wp\/v2\/types\/post"}],"author":[{"embeddable":true,"href":"https:\/\/partediario.com.ar\/index.php?rest_route=\/wp\/v2\/users\/2"}],"replies":[{"embeddable":true,"href":"https:\/\/partediario.com.ar\/index.php?rest_route=%2Fwp%2Fv2%2Fcomments&post=29256"}],"version-history":[{"count":1,"href":"https:\/\/partediario.com.ar\/index.php?rest_route=\/wp\/v2\/posts\/29256\/revisions"}],"predecessor-version":[{"id":29258,"href":"https:\/\/partediario.com.ar\/index.php?rest_route=\/wp\/v2\/posts\/29256\/revisions\/29258"}],"wp:featuredmedia":[{"embeddable":true,"href":"https:\/\/partediario.com.ar\/index.php?rest_route=\/wp\/v2\/media\/29257"}],"wp:attachment":[{"href":"https:\/\/partediario.com.ar\/index.php?rest_route=%2Fwp%2Fv2%2Fmedia&parent=29256"}],"wp:term":[{"taxonomy":"category","embeddable":true,"href":"https:\/\/partediario.com.ar\/index.php?rest_route=%2Fwp%2Fv2%2Fcategories&post=29256"},{"taxonomy":"post_tag","embeddable":true,"href":"https:\/\/partediario.com.ar\/index.php?rest_route=%2Fwp%2Fv2%2Ftags&post=29256"}],"curies":[{"name":"wp","href":"https:\/\/api.w.org\/{rel}","templated":true}]}}