{"id":29262,"date":"2025-10-25T11:09:39","date_gmt":"2025-10-25T14:09:39","guid":{"rendered":"https:\/\/partediario.com.ar\/?p=29262"},"modified":"2025-10-26T10:22:34","modified_gmt":"2025-10-26T13:22:34","slug":"milei-asegura-inflacion-cero-para-mediados-de-2026","status":"publish","type":"post","link":"https:\/\/partediario.com.ar\/?p=29262","title":{"rendered":"Milei asegura \u201cinflaci\u00f3n cero\u201d para mediados de 2026"},"content":{"rendered":"\n<h2 class=\"wp-block-heading\">El Presidente Javier Milei defendi\u00f3 su pol\u00edtica de equilibrio fiscal y el saneamiento del Banco Central. Afirm\u00f3 que el cr\u00e9dito volver\u00e1 a ser un motor de movilidad social y que la eliminaci\u00f3n del cepo avanza de manera \u201cordenada y prudente\u201d.<\/h2>\n\n\n\n<p>En un encuentro organizado por J.P. Morgan en el Museo Nacional de Arte Decorativo, Milei calcul\u00f3 que \u201ca mediados del a\u00f1o que viene no habr\u00e1 m\u00e1s inflaci\u00f3n en la Argentina\u201d. A su entender, el proceso de saneamiento monetario encarado desde diciembre de 2023 permitir\u00e1 que la econom\u00eda \u201crecupere anclas de confianza\u201d y que el cr\u00e9dito vuelva a ocupar un papel central en la movilidad social.<\/p>\n\n\n\n<p>El presidnete subray\u00f3 que el \u201cd\u00e9ficit cero\u201d alcanzado desde el primer mes de gesti\u00f3n constituye \u201cla piedra basal\u201d del nuevo r\u00e9gimen macroecon\u00f3mico, y reiter\u00f3 que el Banco Central \u201cya no emite para financiar al Tesoro\u201d. \u201cHemos saneado las cuentas p\u00fablicas y los pasivos del BCRA en apenas seis meses, un r\u00e9cord hist\u00f3rico\u201d, asever\u00f3.<\/p>\n\n\n\n<p>En su exposici\u00f3n ante ejecutivos de fondos y bancos internacionales, Milei se\u00f1al\u00f3 que \u201cel cr\u00e9dito es la verdadera justicia social, porque permite que cada argentino pueda proyectar, emprender y crecer sin depender del Estado\u201d. Atribuy\u00f3 la crisis inflacionaria y la falta de financiamiento a \u201cd\u00e9cadas de intervencionismo y gasto pol\u00edtico\u201d, agreg\u00f3.<\/p>\n\n\n\n<p>El Presidente remarc\u00f3 que su programa econ\u00f3mico \u201cno se trata de un ajuste sino de un cambio de r\u00e9gimen\u201d, basado en equilibrio fiscal permanente, apertura comercial y competencia de monedas. En ese marco, anticip\u00f3 que \u201cla eliminaci\u00f3n del cepo cambiario est\u00e1 en curso, de manera ordenada, con pasos prudentes para no poner en riesgo la estabilidad lograda\u201d.<\/p>\n\n\n\n<p>Milei destac\u00f3 adem\u00e1s que su administraci\u00f3n \u201cya redujo impuestos por 2,5 puntos del PBI\u201d y que la inflaci\u00f3n mensual se encuentra \u201cen franca desaceleraci\u00f3n\u201d. \u201cEstamos transitando la \u00faltima etapa de un proceso que culminar\u00e1 en un nuevo patr\u00f3n de estabilidad\u201d, afirm\u00f3.<\/p>\n\n\n\n<p>El mensaje, dirigido a la comunidad financiera, busc\u00f3 reafirmar que el Gobierno apuesta a consolidar un ciclo de crecimiento sostenido con reglas de mercado. \u201cEl desaf\u00edo no es solo eliminar la inflaci\u00f3n, sino reconstruir la confianza en la moneda y en las instituciones que la respaldan\u201d, finaliz\u00f3.<\/p>\n","protected":false},"excerpt":{"rendered":"<p>El Presidente Javier Milei defendi&oacute; su pol&iacute;tica de equilibrio fiscal y el saneamiento del Banco Central. Afirm&oacute; que el cr&eacute;dito volver&aacute; a ser un motor de movilidad social y que la eliminaci&oacute;n del cepo avanza de manera &ldquo;ordenada y prudente&rdquo;. En un encuentro organizado por J.P. Morgan en el Museo Nacional de Arte Decorativo, Milei [&hellip;]<\/p>\n","protected":false},"author":2,"featured_media":29263,"comment_status":"closed","ping_status":"closed","sticky":false,"template":"","format":"standard","meta":{"footnotes":""},"categories":[5,176],"tags":[6949,1256,4325,1606,7020,232],"class_list":["post-29262","post","type-post","status-publish","format-standard","has-post-thumbnail","hentry","category-nacionales","category-politica","tag-6949","tag-bcra","tag-cero","tag-inflacion","tag-j-p-morgan","tag-javier-milei"],"_links":{"self":[{"href":"https:\/\/partediario.com.ar\/index.php?rest_route=\/wp\/v2\/posts\/29262","targetHints":{"allow":["GET"]}}],"collection":[{"href":"https:\/\/partediario.com.ar\/index.php?rest_route=\/wp\/v2\/posts"}],"about":[{"href":"https:\/\/partediario.com.ar\/index.php?rest_route=\/wp\/v2\/types\/post"}],"author":[{"embeddable":true,"href":"https:\/\/partediario.com.ar\/index.php?rest_route=\/wp\/v2\/users\/2"}],"replies":[{"embeddable":true,"href":"https:\/\/partediario.com.ar\/index.php?rest_route=%2Fwp%2Fv2%2Fcomments&post=29262"}],"version-history":[{"count":1,"href":"https:\/\/partediario.com.ar\/index.php?rest_route=\/wp\/v2\/posts\/29262\/revisions"}],"predecessor-version":[{"id":29264,"href":"https:\/\/partediario.com.ar\/index.php?rest_route=\/wp\/v2\/posts\/29262\/revisions\/29264"}],"wp:featuredmedia":[{"embeddable":true,"href":"https:\/\/partediario.com.ar\/index.php?rest_route=\/wp\/v2\/media\/29263"}],"wp:attachment":[{"href":"https:\/\/partediario.com.ar\/index.php?rest_route=%2Fwp%2Fv2%2Fmedia&parent=29262"}],"wp:term":[{"taxonomy":"category","embeddable":true,"href":"https:\/\/partediario.com.ar\/index.php?rest_route=%2Fwp%2Fv2%2Fcategories&post=29262"},{"taxonomy":"post_tag","embeddable":true,"href":"https:\/\/partediario.com.ar\/index.php?rest_route=%2Fwp%2Fv2%2Ftags&post=29262"}],"curies":[{"name":"wp","href":"https:\/\/api.w.org\/{rel}","templated":true}]}}