{"id":29283,"date":"2025-10-26T22:50:43","date_gmt":"2025-10-27T01:50:43","guid":{"rendered":"https:\/\/partediario.com.ar\/?p=29283"},"modified":"2025-10-27T10:03:41","modified_gmt":"2025-10-27T13:03:41","slug":"malas-noticias-para-urtubey-en-su-regreso-a-la-politica-la-libertad-avanza-cosecho-un-solido-triunfo-en-salta","status":"publish","type":"post","link":"https:\/\/partediario.com.ar\/?p=29283","title":{"rendered":"Malas noticias para Urtubey en su regreso a la pol\u00edtica: La Libertad Avanza cosech\u00f3 un s\u00f3lido triunfo en Salta"},"content":{"rendered":"\n<h2 class=\"wp-block-heading\">La Libertad Avanza obtuvo un amplio triunfo en la provincia de Salta, en lo que represent\u00f3 un fuerte rev\u00e9s para el ex gobernador Juan Manuel Urtubey en su regreso a la pol\u00edtica.<\/h2>\n\n\n\n<p>En lo que respecta a las elecciones para senadores nacionales, La Libertad Avanza cosech\u00f3 un 41,68% de los votos y de esta manera consigui\u00f3 dos bancas para la C\u00e1mara Alta del Congreso de la Naci\u00f3n (Mar\u00eda Emilia Orozco y Gonzalo Guzm\u00e1n Coraita).<\/p>\n\n\n\n<p>El segundo lugar qued\u00f3 en manos de Primero los salte\u00f1os, con el 27,84%, obteniendo la banca restante (Flavia Gabriela Roy\u00f3n), mientras que Fuerza Patria qued\u00f3 en el tercer puesto con solo el 13,57%.<\/p>\n\n\n\n<p>En cuanto a los diputados, se dio la misma tendencia, con La Libertad Avanza consiguiendo dos bancas y la restante para Primero los salte\u00f1os, mientras que Fuerza Patria termin\u00f3 con las manos vac\u00edas.<\/p>\n\n\n\n<p>Noticia en desarrollo\u2026<\/p>\n","protected":false},"excerpt":{"rendered":"<p>La Libertad Avanza obtuvo un amplio triunfo en la provincia de Salta, en lo que represent&oacute; un fuerte rev&eacute;s para el ex gobernador Juan Manuel Urtubey en su regreso a la pol&iacute;tica. En lo que respecta a las elecciones para senadores nacionales, La Libertad Avanza cosech&oacute; un 41,68% de los votos y de esta manera [&hellip;]<\/p>\n","protected":false},"author":2,"featured_media":29284,"comment_status":"closed","ping_status":"closed","sticky":false,"template":"","format":"standard","meta":{"footnotes":""},"categories":[5,176],"tags":[7024,6569,1032,7023,1087,2148],"class_list":["post-29283","post","type-post","status-publish","format-standard","has-post-thumbnail","hentry","category-nacionales","category-politica","tag-gonzalo-guzman-coraita","tag-juan-manuel-urtubey","tag-la-libertad-avanza","tag-maria-emilio-orozco","tag-salta","tag-triunfo"],"_links":{"self":[{"href":"https:\/\/partediario.com.ar\/index.php?rest_route=\/wp\/v2\/posts\/29283","targetHints":{"allow":["GET"]}}],"collection":[{"href":"https:\/\/partediario.com.ar\/index.php?rest_route=\/wp\/v2\/posts"}],"about":[{"href":"https:\/\/partediario.com.ar\/index.php?rest_route=\/wp\/v2\/types\/post"}],"author":[{"embeddable":true,"href":"https:\/\/partediario.com.ar\/index.php?rest_route=\/wp\/v2\/users\/2"}],"replies":[{"embeddable":true,"href":"https:\/\/partediario.com.ar\/index.php?rest_route=%2Fwp%2Fv2%2Fcomments&post=29283"}],"version-history":[{"count":1,"href":"https:\/\/partediario.com.ar\/index.php?rest_route=\/wp\/v2\/posts\/29283\/revisions"}],"predecessor-version":[{"id":29285,"href":"https:\/\/partediario.com.ar\/index.php?rest_route=\/wp\/v2\/posts\/29283\/revisions\/29285"}],"wp:featuredmedia":[{"embeddable":true,"href":"https:\/\/partediario.com.ar\/index.php?rest_route=\/wp\/v2\/media\/29284"}],"wp:attachment":[{"href":"https:\/\/partediario.com.ar\/index.php?rest_route=%2Fwp%2Fv2%2Fmedia&parent=29283"}],"wp:term":[{"taxonomy":"category","embeddable":true,"href":"https:\/\/partediario.com.ar\/index.php?rest_route=%2Fwp%2Fv2%2Fcategories&post=29283"},{"taxonomy":"post_tag","embeddable":true,"href":"https:\/\/partediario.com.ar\/index.php?rest_route=%2Fwp%2Fv2%2Ftags&post=29283"}],"curies":[{"name":"wp","href":"https:\/\/api.w.org\/{rel}","templated":true}]}}