{"id":29297,"date":"2025-10-26T23:13:58","date_gmt":"2025-10-27T02:13:58","guid":{"rendered":"https:\/\/partediario.com.ar\/?p=29297"},"modified":"2025-10-27T10:03:25","modified_gmt":"2025-10-27T13:03:25","slug":"mendoza-con-el-75-de-las-mesas-escrutadas-la-alianza-de-cornejo-y-lla-se-imponen-con-el-53","status":"publish","type":"post","link":"https:\/\/partediario.com.ar\/?p=29297","title":{"rendered":"Mendoza: con el 75% de las mesas escrutadas, la alianza de Cornejo y LLA se imponen con el 53%"},"content":{"rendered":"\n<h2 class=\"wp-block-heading\">La alianza del gobernador Alfredo Cornejo y La Libertad Avanza (LLA), se impon\u00eda esta noche con el 53% de los votos en Mendoza, y el peronismo quedaba en segundo lugar con el 25% de los votos, con el 75% de las mesas escrutadas.<\/h2>\n\n\n\n<p>Con el ministro de Defensa Luis Petri a la Cabeza, la alianza La Libertad Avanza-Cambia Mendoza se impon\u00eda por el doble contra el espacio Fuerza Justicialista encabezado por Emir F\u00e9lix, con 53,72% contra 25,3%, respectivamente. Obtienen cuatro bancas para la C\u00e1mara Baja.<\/p>\n\n\n\n<p><\/p>\n\n\n\n<figure class=\"wp-block-image size-large\"><img loading=\"lazy\" decoding=\"async\" width=\"1024\" height=\"328\" src=\"https:\/\/partediario.com.ar\/wp-content\/uploads\/Mendoza-1024x328.png\" alt=\"\" class=\"wp-image-29298\" srcset=\"https:\/\/partediario.com.ar\/wp-content\/uploads\/Mendoza-1024x328.png 1024w, https:\/\/partediario.com.ar\/wp-content\/uploads\/Mendoza-300x96.png 300w, https:\/\/partediario.com.ar\/wp-content\/uploads\/Mendoza-768x246.png 768w, https:\/\/partediario.com.ar\/wp-content\/uploads\/Mendoza.png 1194w\" sizes=\"auto, (max-width: 1024px) 100vw, 1024px\" \/><\/figure>\n\n\n\n<p><\/p>\n\n\n\n<p>Noticia en desarrollo\u2026<\/p>\n","protected":false},"excerpt":{"rendered":"<p>La alianza del gobernador Alfredo Cornejo y La Libertad Avanza (LLA), se impon&iacute;a esta noche con el 53% de los votos en Mendoza, y el peronismo quedaba en segundo lugar con el 25% de los votos, con el 75% de las mesas escrutadas. Con el ministro de Defensa Luis Petri a la Cabeza, la alianza [&hellip;]<\/p>\n","protected":false},"author":2,"featured_media":29299,"comment_status":"closed","ping_status":"closed","sticky":false,"template":"","format":"standard","meta":{"footnotes":""},"categories":[5,176],"tags":[2618,1955,2175,393,566,347,2148],"class_list":["post-29297","post","type-post","status-publish","format-standard","has-post-thumbnail","hentry","category-nacionales","category-politica","tag-alfredo-cornejo","tag-elecciones","tag-legislativas","tag-lla","tag-luis-petri","tag-mendoza","tag-triunfo"],"_links":{"self":[{"href":"https:\/\/partediario.com.ar\/index.php?rest_route=\/wp\/v2\/posts\/29297","targetHints":{"allow":["GET"]}}],"collection":[{"href":"https:\/\/partediario.com.ar\/index.php?rest_route=\/wp\/v2\/posts"}],"about":[{"href":"https:\/\/partediario.com.ar\/index.php?rest_route=\/wp\/v2\/types\/post"}],"author":[{"embeddable":true,"href":"https:\/\/partediario.com.ar\/index.php?rest_route=\/wp\/v2\/users\/2"}],"replies":[{"embeddable":true,"href":"https:\/\/partediario.com.ar\/index.php?rest_route=%2Fwp%2Fv2%2Fcomments&post=29297"}],"version-history":[{"count":1,"href":"https:\/\/partediario.com.ar\/index.php?rest_route=\/wp\/v2\/posts\/29297\/revisions"}],"predecessor-version":[{"id":29300,"href":"https:\/\/partediario.com.ar\/index.php?rest_route=\/wp\/v2\/posts\/29297\/revisions\/29300"}],"wp:featuredmedia":[{"embeddable":true,"href":"https:\/\/partediario.com.ar\/index.php?rest_route=\/wp\/v2\/media\/29299"}],"wp:attachment":[{"href":"https:\/\/partediario.com.ar\/index.php?rest_route=%2Fwp%2Fv2%2Fmedia&parent=29297"}],"wp:term":[{"taxonomy":"category","embeddable":true,"href":"https:\/\/partediario.com.ar\/index.php?rest_route=%2Fwp%2Fv2%2Fcategories&post=29297"},{"taxonomy":"post_tag","embeddable":true,"href":"https:\/\/partediario.com.ar\/index.php?rest_route=%2Fwp%2Fv2%2Ftags&post=29297"}],"curies":[{"name":"wp","href":"https:\/\/api.w.org\/{rel}","templated":true}]}}