{"id":29344,"date":"2025-10-28T20:01:56","date_gmt":"2025-10-28T23:01:56","guid":{"rendered":"https:\/\/partediario.com.ar\/?p=29344"},"modified":"2025-10-30T09:51:38","modified_gmt":"2025-10-30T12:51:38","slug":"la-reforma-laboral-sera-la-primera-en-ser-tratada-confirmo-milei","status":"publish","type":"post","link":"https:\/\/partediario.com.ar\/?p=29344","title":{"rendered":"La reforma laboral ser\u00e1 la primera en ser tratada, confirm\u00f3 Milei"},"content":{"rendered":"\n<h2 class=\"wp-block-heading\">Impulsado por un contundente triunfo en las urnas, Javier Milei blanque\u00f3 la secuencia de reformas que buscar\u00e1 activar. Entre ellas, figura en primer lugar la modificaci\u00f3n de la legislaci\u00f3n laboral.<\/h2>\n\n\n\n<p>\u201cPara la (reforma) tributaria tenemos un plan para bajar 20 impuestos ahora, expandir la base imponible, de modo tal que, al bajar las al\u00edcuotas, no tenga sentido la evasi\u00f3n. O sea, que la gente no quiera estar en lo informal. Pero antes, debe haber una modernizaci\u00f3n laboral, que no implica una p\u00e9rdida de derechos\u201d, se\u00f1al\u00f3 este lunes el mandatario. Y a\u00f1adi\u00f3, en un desaf\u00edo, a la CGT: \u201cLos sindicatos saben que esto no funciona, que si lo piensan como negocio est\u00e1n liquidados\u201d.<\/p>\n\n\n\n<p>El Gobierno present\u00f3 el a\u00f1o pasado un proyecto de ley de reforma laboral tras haber resignado 42 de los 58 art\u00edculos que conten\u00eda su propuesta original incluida en la Ley Bases. La iniciativa que cuenta con el aval de la Casa Rosada es la que present\u00f3 al cierre de 2024 la diputada libertaria Romina Diez, cercana a Karina Milei. La iniciativa llevaba por t\u00edtulo \u201cley de Promoci\u00f3n de Inversiones y Empleo\u201d.<\/p>\n\n\n\n<p>La idea de Milei es tomar el proyecto de ley de Diez como base y agregar las sugerencias que surjan del Consejo de Mayo, donde hay un representante de los gremios (Gerardo Mart\u00ednez), del empresariado (Mart\u00edn Rappallini), de gobernadores (Alfredo Cornejo) y del Congreso (Carolina Losada y Cristian Ritondo).<\/p>\n\n\n\n<p>En la letra chica el proyecto de 2024 reproduce algunos de los art\u00edculos del cap\u00edtulo 4 del Decreto de Necesidad y Urgencia (DNU)70\/23, que fue suspendido por la justicia laboral y est\u00e1 pendiente de una definici\u00f3n de la Corte Suprema.<\/p>\n\n\n\n<p>Entre algunos de sus puntos m\u00e1s complicados, figuran la ampliaci\u00f3n de 8 a 12 horas de la jornada laboral; la posibilidad de pagar una parte del salario en \u201cticket canasta o restaurant\u201d, algo ya objetado en fallos de la Corte, y la posibilidad de que los empresarios paguen en hasta 12 cuotas indemnizaciones o multas provenientes de litigios en la justicia. Otro item que promete rechazo es la fragmetaci\u00f3n de vacaciones a lo largo del a\u00f1o en per\u00edodos \u201cno menores a una semana\u201d.<\/p>\n\n\n\n<p>El Gobierno, a trav\u00e9s del secretario de Trabajo, Julio Cordero, expres\u00f3 su deseo de avanzar sobre paritarias por productividad y por empresa, como sucedi\u00f3 en los 90.<\/p>\n\n\n\n<p>Para las empresas, el proyecto de Diez ofrec\u00eda que los empleadores que tomen trabajadores en los primeros 18 meses desde la entrada en vigencia de la ley podr\u00edan acceder a un \u201cbono de cr\u00e9dito fiscal\u201d por un porcentaje de las contribuciones patronales de cada empleado nuevo.<\/p>\n","protected":false},"excerpt":{"rendered":"<p>Impulsado por un contundente triunfo en las urnas, Javier Milei blanque&oacute; la secuencia de reformas que buscar&aacute; activar. Entre ellas, figura en primer lugar la modificaci&oacute;n de la legislaci&oacute;n laboral. &ldquo;Para la (reforma) tributaria tenemos un plan para bajar 20 impuestos ahora, expandir la base imponible, de modo tal que, al bajar las al&iacute;cuotas, no [&hellip;]<\/p>\n","protected":false},"author":2,"featured_media":29345,"comment_status":"closed","ping_status":"closed","sticky":false,"template":"","format":"standard","meta":{"footnotes":""},"categories":[5,176],"tags":[226,232,641,1777,7035],"class_list":["post-29344","post","type-post","status-publish","format-standard","has-post-thumbnail","hentry","category-nacionales","category-politica","tag-cgt","tag-javier-milei","tag-laboral","tag-reforma","tag-tratamiendo"],"_links":{"self":[{"href":"https:\/\/partediario.com.ar\/index.php?rest_route=\/wp\/v2\/posts\/29344","targetHints":{"allow":["GET"]}}],"collection":[{"href":"https:\/\/partediario.com.ar\/index.php?rest_route=\/wp\/v2\/posts"}],"about":[{"href":"https:\/\/partediario.com.ar\/index.php?rest_route=\/wp\/v2\/types\/post"}],"author":[{"embeddable":true,"href":"https:\/\/partediario.com.ar\/index.php?rest_route=\/wp\/v2\/users\/2"}],"replies":[{"embeddable":true,"href":"https:\/\/partediario.com.ar\/index.php?rest_route=%2Fwp%2Fv2%2Fcomments&post=29344"}],"version-history":[{"count":1,"href":"https:\/\/partediario.com.ar\/index.php?rest_route=\/wp\/v2\/posts\/29344\/revisions"}],"predecessor-version":[{"id":29346,"href":"https:\/\/partediario.com.ar\/index.php?rest_route=\/wp\/v2\/posts\/29344\/revisions\/29346"}],"wp:featuredmedia":[{"embeddable":true,"href":"https:\/\/partediario.com.ar\/index.php?rest_route=\/wp\/v2\/media\/29345"}],"wp:attachment":[{"href":"https:\/\/partediario.com.ar\/index.php?rest_route=%2Fwp%2Fv2%2Fmedia&parent=29344"}],"wp:term":[{"taxonomy":"category","embeddable":true,"href":"https:\/\/partediario.com.ar\/index.php?rest_route=%2Fwp%2Fv2%2Fcategories&post=29344"},{"taxonomy":"post_tag","embeddable":true,"href":"https:\/\/partediario.com.ar\/index.php?rest_route=%2Fwp%2Fv2%2Ftags&post=29344"}],"curies":[{"name":"wp","href":"https:\/\/api.w.org\/{rel}","templated":true}]}}