{"id":2935,"date":"2024-06-20T11:01:29","date_gmt":"2024-06-20T14:01:29","guid":{"rendered":"https:\/\/partediario.com.ar\/?p=2935"},"modified":"2024-06-20T11:01:32","modified_gmt":"2024-06-20T14:01:32","slug":"buses-parana-advierte-que-la-recarga-en-los-colectivos-no-funciona-adecuadamente","status":"publish","type":"post","link":"https:\/\/partediario.com.ar\/?p=2935","title":{"rendered":"Buses Paran\u00e1 advierte que la recarga en los colectivos no funciona adecuadamente"},"content":{"rendered":"\n<p><strong>La carga a bordo de Tarjeta SUBE en los colectivos \u00abno funciona correctamente\u00bb, advirtieron desde Buses Paran\u00e1. Solicitan a los pasajeros que deben subir con saldo; de lo contrario, no se podr\u00e1n viajar.<\/strong><\/p>\n\n\n\n<p>Desde Buses Paran\u00e1 emitieron un comunicado donde informan que la validaci\u00f3n de cargas en la Tarjeta SUBE dentro de los colectivos no est\u00e1 funcionando correctamente y, por lo tanto, los usuarios deben contar con saldo suficiente para abonar el viaje al momento de subir al transporte. De lo contrario, los pasajeros no podr\u00e1n comenzar el viaje.<\/p>\n\n\n\n<p><strong>El comunicado de Buses Paran\u00e1:<\/strong><\/p>\n\n\n\n<p>Los equipos aportados por Naci\u00f3n Servicios &#8211; SUBE a la ciudad de Paran\u00e1 no est\u00e1n funcionando correctamente para la validaci\u00f3n de las cargas virtuales dentro de las unidades. Esta situaci\u00f3n no es responsabilidad de las Empresas y la Municipalidad de Paran\u00e1, a trav\u00e9s de sus convenios con Naci\u00f3n Servicios, deber\u00e1 resolver los temas tecnol\u00f3gicos para garantizar su funcionamiento.<\/p>\n\n\n\n<p>Por lo tanto, se informa que aquellos pasajeros que pretendan validar las cargas dentro de las unidades, deber\u00e1n contar con cr\u00e9dito disponible suficiente para garantizar el pago de su pasaje en el caso de que el equipo no funcione, de lo contrario no podr\u00e1 viajar en la unidad.<\/p>\n\n\n\n<p>Se recuerda que se encuentran disponibles otros medios de recarga alternativos que evitaran que los pasajeros pasen por esta situaci\u00f3n.<\/p>\n\n\n\n<p><\/p>\n\n\n\n<figure class=\"wp-block-image size-full\"><img loading=\"lazy\" decoding=\"async\" width=\"642\" height=\"894\" src=\"https:\/\/partediario.com.ar\/wp-content\/uploads\/WhatsApp-Image-2024-06-19-at-19.48.34-1.jpeg\" alt=\"\" class=\"wp-image-2936\" srcset=\"https:\/\/partediario.com.ar\/wp-content\/uploads\/WhatsApp-Image-2024-06-19-at-19.48.34-1.jpeg 642w, https:\/\/partediario.com.ar\/wp-content\/uploads\/WhatsApp-Image-2024-06-19-at-19.48.34-1-215x300.jpeg 215w\" sizes=\"auto, (max-width: 642px) 100vw, 642px\" \/><\/figure>\n","protected":false},"excerpt":{"rendered":"<p>La carga a bordo de Tarjeta SUBE en los colectivos &laquo;no funciona correctamente&raquo;, advirtieron desde Buses Paran&aacute;. Solicitan a los pasajeros que deben subir con saldo; de lo contrario, no se podr&aacute;n viajar. Desde Buses Paran&aacute; emitieron un comunicado donde informan que la validaci&oacute;n de cargas en la Tarjeta SUBE dentro de los colectivos no [&hellip;]<\/p>\n","protected":false},"author":2,"featured_media":2937,"comment_status":"open","ping_status":"open","sticky":false,"template":"","format":"standard","meta":{"footnotes":""},"categories":[6],"tags":[693,332,265,695,694],"class_list":["post-2935","post","type-post","status-publish","format-standard","has-post-thumbnail","hentry","category-locales","tag-buses-parana","tag-nacion","tag-parana","tag-saldo","tag-sube"],"_links":{"self":[{"href":"https:\/\/partediario.com.ar\/index.php?rest_route=\/wp\/v2\/posts\/2935","targetHints":{"allow":["GET"]}}],"collection":[{"href":"https:\/\/partediario.com.ar\/index.php?rest_route=\/wp\/v2\/posts"}],"about":[{"href":"https:\/\/partediario.com.ar\/index.php?rest_route=\/wp\/v2\/types\/post"}],"author":[{"embeddable":true,"href":"https:\/\/partediario.com.ar\/index.php?rest_route=\/wp\/v2\/users\/2"}],"replies":[{"embeddable":true,"href":"https:\/\/partediario.com.ar\/index.php?rest_route=%2Fwp%2Fv2%2Fcomments&post=2935"}],"version-history":[{"count":1,"href":"https:\/\/partediario.com.ar\/index.php?rest_route=\/wp\/v2\/posts\/2935\/revisions"}],"predecessor-version":[{"id":2938,"href":"https:\/\/partediario.com.ar\/index.php?rest_route=\/wp\/v2\/posts\/2935\/revisions\/2938"}],"wp:featuredmedia":[{"embeddable":true,"href":"https:\/\/partediario.com.ar\/index.php?rest_route=\/wp\/v2\/media\/2937"}],"wp:attachment":[{"href":"https:\/\/partediario.com.ar\/index.php?rest_route=%2Fwp%2Fv2%2Fmedia&parent=2935"}],"wp:term":[{"taxonomy":"category","embeddable":true,"href":"https:\/\/partediario.com.ar\/index.php?rest_route=%2Fwp%2Fv2%2Fcategories&post=2935"},{"taxonomy":"post_tag","embeddable":true,"href":"https:\/\/partediario.com.ar\/index.php?rest_route=%2Fwp%2Fv2%2Ftags&post=2935"}],"curies":[{"name":"wp","href":"https:\/\/api.w.org\/{rel}","templated":true}]}}