{"id":29353,"date":"2025-10-30T09:40:31","date_gmt":"2025-10-30T12:40:31","guid":{"rendered":"https:\/\/partediario.com.ar\/?p=29353"},"modified":"2025-10-31T22:27:31","modified_gmt":"2025-11-01T01:27:31","slug":"francos-senalo-que-las-versiones-sobre-su-salida-obedecen-a-rumores-de-baja-estofa","status":"publish","type":"post","link":"https:\/\/partediario.com.ar\/?p=29353","title":{"rendered":"Francos se\u00f1al\u00f3 que las versiones sobre su salida obedecen a \u00abrumores de baja estofa\u00bb"},"content":{"rendered":"\n<h2 class=\"wp-block-heading\">El jefe de Gabinete, Guillermo Francos, calific\u00f3 como \u00abrumores de baja estofa\u00bb, su posible salida del Gobierno Nacional, en medio de los rumores por su relaci\u00f3n tirante con el asesor Santiago Caputo.<\/h2>\n\n\n\n<p>\u00abTantas veces me mataron, tantas veces me mor\u00ed, y sin embargo estoy aqu\u00ed\u00bb\u2026, expres\u00f3 el funcionario parafraseando una de las canciones m\u00e1s conocidas de la cantautora Mar\u00eda Elena Walsh, que hizo famosa Mercedes Sosa.<\/p>\n\n\n\n<p>En ese sentido, Francos achac\u00f3 a \u00abrumores de baja estofa\u00bb su posible salida del gobierno encabezado por Javier Milei, y destac\u00f3 que \u00abjam\u00e1s le dir\u00eda al presidente es \u00e9l o yo\u00bb, en alusi\u00f3n a Santiago Caputo, quien \u00abes muy capaz\u00bb.<\/p>\n\n\n\n<p>Consultado sobre la reuni\u00f3n con los gobernadores, en declaraciones televisivas, neg\u00f3 cualquier posibilidad de sumar al mandatario bonaerense, Axel Kicillof, a los encuentros de gobernadores: \u00abNos reuniremos con todos, menos con los que tienen ideas muy diferentes a las nuestras\u201d.<\/p>\n\n\n\n<p>De este modo, descart\u00f3 la presencia de Kicillof: \u201cNo vale la pena convocar a quien no est\u00e1 dispuesto seriamente a analizar el momento que est\u00e1 viviendo la Argentina\u201d, destac\u00f3.<\/p>\n\n\n\n<p>Y consultado por el resultado de las elecciones, el ministro coordinador indic\u00f3: \u00abNo esper\u00e1bamos lo que pas\u00f3 el domingo. S\u00ed, esper\u00e1bamos ganar a nivel nacional, pero no con esa diferencia. Y menos ganar la provincia de Buenos Aires. La Expectativa en la provincia era achicar la diferencia y perder por poco\u00bb, concluy\u00f3.<\/p>\n","protected":false},"excerpt":{"rendered":"<p>El jefe de Gabinete, Guillermo Francos, calific&oacute; como &laquo;rumores de baja estofa&raquo;, su posible salida del Gobierno Nacional, en medio de los rumores por su relaci&oacute;n tirante con el asesor Santiago Caputo. &laquo;Tantas veces me mataron, tantas veces me mor&iacute;, y sin embargo estoy aqu&iacute;&raquo;&hellip;, expres&oacute; el funcionario parafraseando una de las canciones m&aacute;s conocidas [&hellip;]<\/p>\n","protected":false},"author":2,"featured_media":29354,"comment_status":"closed","ping_status":"closed","sticky":false,"template":"","format":"standard","meta":{"footnotes":""},"categories":[5,176],"tags":[1112,1023,224,329,6685,373,5217,1929],"class_list":["post-29353","post","type-post","status-publish","format-standard","has-post-thumbnail","hentry","category-nacionales","category-politica","tag-axel-kicillof","tag-gobernadores","tag-gobierno","tag-guillermo-francos","tag-nego","tag-reunion","tag-salida","tag-santiago-caputo"],"_links":{"self":[{"href":"https:\/\/partediario.com.ar\/index.php?rest_route=\/wp\/v2\/posts\/29353","targetHints":{"allow":["GET"]}}],"collection":[{"href":"https:\/\/partediario.com.ar\/index.php?rest_route=\/wp\/v2\/posts"}],"about":[{"href":"https:\/\/partediario.com.ar\/index.php?rest_route=\/wp\/v2\/types\/post"}],"author":[{"embeddable":true,"href":"https:\/\/partediario.com.ar\/index.php?rest_route=\/wp\/v2\/users\/2"}],"replies":[{"embeddable":true,"href":"https:\/\/partediario.com.ar\/index.php?rest_route=%2Fwp%2Fv2%2Fcomments&post=29353"}],"version-history":[{"count":1,"href":"https:\/\/partediario.com.ar\/index.php?rest_route=\/wp\/v2\/posts\/29353\/revisions"}],"predecessor-version":[{"id":29355,"href":"https:\/\/partediario.com.ar\/index.php?rest_route=\/wp\/v2\/posts\/29353\/revisions\/29355"}],"wp:featuredmedia":[{"embeddable":true,"href":"https:\/\/partediario.com.ar\/index.php?rest_route=\/wp\/v2\/media\/29354"}],"wp:attachment":[{"href":"https:\/\/partediario.com.ar\/index.php?rest_route=%2Fwp%2Fv2%2Fmedia&parent=29353"}],"wp:term":[{"taxonomy":"category","embeddable":true,"href":"https:\/\/partediario.com.ar\/index.php?rest_route=%2Fwp%2Fv2%2Fcategories&post=29353"},{"taxonomy":"post_tag","embeddable":true,"href":"https:\/\/partediario.com.ar\/index.php?rest_route=%2Fwp%2Fv2%2Ftags&post=29353"}],"curies":[{"name":"wp","href":"https:\/\/api.w.org\/{rel}","templated":true}]}}