{"id":29356,"date":"2025-10-30T09:45:37","date_gmt":"2025-10-30T12:45:37","guid":{"rendered":"https:\/\/partediario.com.ar\/?p=29356"},"modified":"2025-10-31T22:27:27","modified_gmt":"2025-11-01T01:27:27","slug":"lo-mas-probable-es-que-vaya-preso-senalo-guillermo-moreno","status":"publish","type":"post","link":"https:\/\/partediario.com.ar\/?p=29356","title":{"rendered":"\u201cLo m\u00e1s probable es que vaya preso\u201d, se\u00f1al\u00f3 Guillermo Moreno"},"content":{"rendered":"\n<h2 class=\"wp-block-heading\">El exsecretario de Comercio Interior Guillermo Moreno realiz\u00f3 declaraciones radiales en las que sorprendi\u00f3 al afirmar: \u201cLo m\u00e1s probable es que vaya preso\u201d. Esta semana, la Corte dej\u00f3 firme dos condenas y lo inhabilit\u00f3 para ejercer cargos p\u00fablicos.<\/h2>\n\n\n\n<p>Seg\u00fan se\u00f1al\u00f3, la informaci\u00f3n proviene de fuentes pol\u00edticas \u201cde m\u00e1ximo conocimiento\u201d que le indicaron sobre la posibilidad de una orden de detenci\u00f3n en su contra.<\/p>\n\n\n\n<p>\u201cLa informaci\u00f3n me la da la pol\u00edtica\u2026 dirigentes de mi m\u00e1ximo conocimiento, con los que habl\u00e9. No corresponde decir qui\u00e9nes, pero tienen amplio conocimiento pol\u00edtico. Existe la posibilidad de que ordenen mi detenci\u00f3n pr\u00f3ximamente\u201d, manifest\u00f3 Moreno.<\/p>\n\n\n\n<p>El exfuncionario kirchnerista explic\u00f3 que mantuvo un di\u00e1logo reciente con M\u00e1ximo Kirchner, con quien convers\u00f3 \u201cde pol\u00edtica, de futuro y de lo que hay que hacer\u201d, y mencion\u00f3 que el pr\u00f3ximo martes hay un almuerzo al que espera poder asistir.<\/p>\n\n\n\n<p>Moreno revel\u00f3 adem\u00e1s que recibi\u00f3 un mensaje del gobernador bonaerense Axel Kicillof, gesto que dijo valorar \u201cm\u00e1s all\u00e1 de las diferencias pol\u00edticas\u201d. \u201cCon Cristina no habl\u00e9\u201d, aclar\u00f3.<\/p>\n\n\n\n<p>En otro tramo de la entrevista, el exsecretario coincidi\u00f3 con el dirigente social Juan Grabois, al aseverar: \u201cSi el Papa estuviese vivo, esto no pasaba\u2026\u201d, en alusi\u00f3n a la situaci\u00f3n pol\u00edtica actual y a las tensiones internas dentro del peronismo.<\/p>\n","protected":false},"excerpt":{"rendered":"<p>El exsecretario de Comercio Interior Guillermo Moreno realiz&oacute; declaraciones radiales en las que sorprendi&oacute; al afirmar: &ldquo;Lo m&aacute;s probable es que vaya preso&rdquo;. Esta semana, la Corte dej&oacute; firme dos condenas y lo inhabilit&oacute; para ejercer cargos p&uacute;blicos. Seg&uacute;n se&ntilde;al&oacute;, la informaci&oacute;n proviene de fuentes pol&iacute;ticas &ldquo;de m&aacute;ximo conocimiento&rdquo; que le indicaron sobre la posibilidad [&hellip;]<\/p>\n","protected":false},"author":2,"featured_media":29357,"comment_status":"closed","ping_status":"closed","sticky":false,"template":"","format":"standard","meta":{"footnotes":""},"categories":[979,5,176],"tags":[877,2368,7038],"class_list":["post-29356","post","type-post","status-publish","format-standard","has-post-thumbnail","hentry","category-judiciales","category-nacionales","category-politica","tag-corte-suprema","tag-guillermo-moreno","tag-preso"],"_links":{"self":[{"href":"https:\/\/partediario.com.ar\/index.php?rest_route=\/wp\/v2\/posts\/29356","targetHints":{"allow":["GET"]}}],"collection":[{"href":"https:\/\/partediario.com.ar\/index.php?rest_route=\/wp\/v2\/posts"}],"about":[{"href":"https:\/\/partediario.com.ar\/index.php?rest_route=\/wp\/v2\/types\/post"}],"author":[{"embeddable":true,"href":"https:\/\/partediario.com.ar\/index.php?rest_route=\/wp\/v2\/users\/2"}],"replies":[{"embeddable":true,"href":"https:\/\/partediario.com.ar\/index.php?rest_route=%2Fwp%2Fv2%2Fcomments&post=29356"}],"version-history":[{"count":1,"href":"https:\/\/partediario.com.ar\/index.php?rest_route=\/wp\/v2\/posts\/29356\/revisions"}],"predecessor-version":[{"id":29358,"href":"https:\/\/partediario.com.ar\/index.php?rest_route=\/wp\/v2\/posts\/29356\/revisions\/29358"}],"wp:featuredmedia":[{"embeddable":true,"href":"https:\/\/partediario.com.ar\/index.php?rest_route=\/wp\/v2\/media\/29357"}],"wp:attachment":[{"href":"https:\/\/partediario.com.ar\/index.php?rest_route=%2Fwp%2Fv2%2Fmedia&parent=29356"}],"wp:term":[{"taxonomy":"category","embeddable":true,"href":"https:\/\/partediario.com.ar\/index.php?rest_route=%2Fwp%2Fv2%2Fcategories&post=29356"},{"taxonomy":"post_tag","embeddable":true,"href":"https:\/\/partediario.com.ar\/index.php?rest_route=%2Fwp%2Fv2%2Ftags&post=29356"}],"curies":[{"name":"wp","href":"https:\/\/api.w.org\/{rel}","templated":true}]}}